{"id":26513,"date":"2023-12-13T13:32:45","date_gmt":"2023-12-13T11:32:45","guid":{"rendered":"https:\/\/www.psib-psoe.org\/menorca\/?p=26513"},"modified":"2023-12-13T13:32:45","modified_gmt":"2023-12-13T11:32:45","slug":"el-psoe-menorca-demana-que-no-saugmentin-els-preus-publics-de-les-installacions-gestionades-per-linjove","status":"publish","type":"post","link":"https:\/\/www.psib-psoe.org\/menorca\/el-psoe-menorca-demana-que-no-saugmentin-els-preus-publics-de-les-installacions-gestionades-per-linjove\/","title":{"rendered":"El PSOE Menorca demana que no s&#8217;augmentin els preus p\u00fablics de les instal\u00b7lacions gestionades per l&#8217;InJove"},"content":{"rendered":"<div class=\"wpb-content-wrapper\">[vc_row el_class=&#8221;img_noticia&#8221;][vc_column][vc_single_image image=&#8221;26502&#8243; img_size=&#8221;full&#8221;][\/vc_column][\/vc_row][vc_row el_class=&#8221;intro&#8221;][vc_column][vc_column_text]La consellera B\u00e0rbara Torrent presenta, en el proper plenari del Consell de Menorca, una proposta d&#8217;acord perqu\u00e8 el Consell es comprometi a cercar solucions amb l&#8217;InJove i evitar que s&#8217;augmentin els preus a les instal\u00b7lacions i serveis que gestiona aquest ens[\/vc_column_text][\/vc_column][\/vc_row][vc_row][vc_column width=&#8221;1\/2&#8243;][vc_column_text]La consellera socialista, B\u00e0rbara Torrent, presenta, aquest dilluns, una proposta d&#8217;acord al plenari del Consell de Menorca per expressar la preocupaci\u00f3 dels i les socialistes davant el fet que l&#8217;Institut de la Joventut de Menorca (InJove), un ens dependent de la m\u00e0xima instituci\u00f3 insular, augmenti els preus p\u00fablics per a l&#8217;\u00fas de les seves instal\u00b7lacions juvenils.<\/p>\n<p>Davant el context econ\u00f2mic actual marcat per la inflaci\u00f3 i tenint en compte que es tracta d&#8217;un servei p\u00fablic destinat a afavorir el desenvolupament dels infants i adolescents d&#8217;entre 3 i 18 anys, &#8220;des del PSOE demanam un major comprom\u00eds al Consell Insular presidit pel PP i a l&#8217;InJove a respectar els preus establerts fins ara i que demostrin, aix\u00ed, que estan al costat de les persones&#8221;.<span class=\"Apple-converted-space\">\u00a0<\/span><\/p>\n<p>Torrent ha recordat que &#8220;el lleure educatiu, ent\u00e8s com el conjunt d&#8217;activitats i experi\u00e8ncies que es realitzen en el temps lliure d&#8217;infants i joves amb una intencionalitat pedag\u00f2gica, fora dels \u00e0mbits escolar i familiar, s&#8217;ha convertit en una necessitat i en un dret de la nostra societat actual&#8221;.[\/vc_column_text][\/vc_column][vc_column width=&#8221;1\/2&#8243;][vc_column_text]Per a\u00e7\u00f2, &#8220;\u00e9s de just\u00edcia que les administracions emprin la pol\u00edtica per garantir uns serveis de qualitat i no per dificultar-ne el seu acc\u00e9s a les persones que m\u00e9s ho necessiten&#8221;. <span class=\"Apple-converted-space\">\u00a0<\/span><\/p>\n<p>Concretament, Torrent ha fet refer\u00e8ncia a l&#8217;augment del 20% a particulars i 10% a entitats sense \u00e0nim de lucre, una pujada que no nom\u00e9s perjudica els joves, sin\u00f3 tamb\u00e9 a totes les institucions que fan \u00fas dels seus serveis i instal\u00b7lacions, com per exemple, les escoles. I ha afegit que &#8220;\u00e9s curi\u00f3s que siguin un dels pressupostos m\u00e9s alts de la hist\u00f2ria de la instituci\u00f3 i que, alhora, hagin de pujar una taxa que afecta tantes persones&#8221;.<span class=\"Apple-converted-space\">\u00a0<\/span><\/p>\n<p>Amb tot, el PSOE Menorca insta el Consell a trobar solucions amb l&#8217;Institut de la Joventut de Menorca que evitin aquest augment de preus i que suposin alternatives reals que permetin mantenir l&#8217;accessibilitat a aquestes instal\u00b7lacions. Per tant, el partit demana a la instituci\u00f3 que tengui en compte les necessitats de la societat menorquina i que faci feina conjuntament en benefici dels joves de Menorca i de la ciutadania en general.[\/vc_column_text][\/vc_column][\/vc_row]\n<\/div>","protected":false},"excerpt":{"rendered":"<p>[vc_row el_class=&#8221;img_noticia&#8221;][vc_column][vc_single_image image=&#8221;26502&#8243; img_size=&#8221;full&#8221;][\/vc_column][\/vc_row][vc_row el_class=&#8221;intro&#8221;][vc_column][vc_column_text]La consellera B\u00e0rbara Torrent presenta, en el proper plenari del Consell de Menorca, una proposta d&#8217;acord perqu\u00e8 el Consell es comprometi a cercar solucions amb l&#8217;InJove i evitar que s&#8217;augmentin els preus a les instal\u00b7lacions i serveis que gestiona aquest ens[\/vc_column_text][\/vc_column][\/vc_row][vc_row][vc_column width=&#8221;1\/2&#8243;][vc_column_text]La consellera socialista, B\u00e0rbara Torrent, presenta, aquest dilluns, una proposta&hellip;<\/p>\n","protected":false},"author":6,"featured_media":26502,"comment_status":"open","ping_status":"open","sticky":false,"template":"","format":"standard","meta":{"footnotes":""},"categories":[2,1,92],"tags":[],"class_list":["post-26513","post","type-post","status-publish","format-standard","has-post-thumbnail","hentry","category-federacio-de-menorca","category-federacio-de-menorca-portada","category-portada"],"_links":{"self":[{"href":"https:\/\/www.psib-psoe.org\/menorca\/wp-json\/wp\/v2\/posts\/26513"}],"collection":[{"href":"https:\/\/www.psib-psoe.org\/menorca\/wp-json\/wp\/v2\/posts"}],"about":[{"href":"https:\/\/www.psib-psoe.org\/menorca\/wp-json\/wp\/v2\/types\/post"}],"author":[{"embeddable":true,"href":"https:\/\/www.psib-psoe.org\/menorca\/wp-json\/wp\/v2\/users\/6"}],"replies":[{"embeddable":true,"href":"https:\/\/www.psib-psoe.org\/menorca\/wp-json\/wp\/v2\/comments?post=26513"}],"version-history":[{"count":0,"href":"https:\/\/www.psib-psoe.org\/menorca\/wp-json\/wp\/v2\/posts\/26513\/revisions"}],"wp:featuredmedia":[{"embeddable":true,"href":"https:\/\/www.psib-psoe.org\/menorca\/wp-json\/wp\/v2\/media\/26502"}],"wp:attachment":[{"href":"https:\/\/www.psib-psoe.org\/menorca\/wp-json\/wp\/v2\/media?parent=26513"}],"wp:term":[{"taxonomy":"category","embeddable":true,"href":"https:\/\/www.psib-psoe.org\/menorca\/wp-json\/wp\/v2\/categories?post=26513"},{"taxonomy":"post_tag","embeddable":true,"href":"https:\/\/www.psib-psoe.org\/menorca\/wp-json\/wp\/v2\/tags?post=26513"}],"curies":[{"name":"wp","href":"https:\/\/api.w.org\/{rel}","templated":true}]}}