{"id":26526,"date":"2023-12-21T13:03:40","date_gmt":"2023-12-21T11:03:40","guid":{"rendered":"https:\/\/www.psib-psoe.org\/menorca\/?p=26526"},"modified":"2023-12-27T13:08:14","modified_gmt":"2023-12-27T11:08:14","slug":"susana-mora-el-pp-no-aprova-uns-pressupostos-per-la-falta-de-lideratge-i-per-ser-incapac-de-trobar-consensos-amb-la-resta-de-grups-politics","status":"publish","type":"post","link":"https:\/\/www.psib-psoe.org\/menorca\/susana-mora-el-pp-no-aprova-uns-pressupostos-per-la-falta-de-lideratge-i-per-ser-incapac-de-trobar-consensos-amb-la-resta-de-grups-politics\/","title":{"rendered":"Susana Mora: &#8220;El PP no aprova uns pressupostos per la falta de lideratge i per ser incapa\u00e7 de trobar consensos amb la resta de grups pol\u00edtics&#8221;"},"content":{"rendered":"<div class=\"wpb-content-wrapper\">[vc_row el_class=&#8221;img_noticia&#8221;][vc_column][vc_single_image image=&#8221;26516&#8243; img_size=&#8221;full&#8221;][\/vc_column][\/vc_row][vc_row el_class=&#8221;intro&#8221;][vc_column][vc_column_text]La portaveu socialista ha lamentat l&#8217;esc\u00e0ndol del Consell Insular entorn els pressupostos i ha dit que &#8220;no trobaran el PSOE si no \u00e9s per consensuar les grans pol\u00edtiques que afecten Menorca&#8221;[\/vc_column_text][\/vc_column][\/vc_row][vc_row][vc_column width=&#8221;1\/2&#8221;][vc_column_text]En el plenari d&#8217;aprovaci\u00f3 inicial dels pressupostos del Consell Insular de Menorca, la portaveu del Grup Socialista a la instituci\u00f3, Susana Mora, ha iniciat la seva intervenci\u00f3 recordant que &#8220;un pressupost \u00e9s una eina per millorar la vida dels ciutadans i ciutadanes, un pressupost \u00e9s pol\u00edtica&#8221;, i ha lamentat que &#8220;l&#8217;\u00fanic que fa el PP quan governa \u00e9s gestionar un pressupost perqu\u00e8 els nombres quadrin i limitar-se a destruir el que s&#8217;ha fet durant les darreres legislatures&#8221;.<span class=\"Apple-converted-space\">\u00a0<\/span><\/p>\n<p>Mora ha recordat el PP que, &#8220;per treure endavant uns pressupostos s&#8217;han de cercar consensos amb tots els grups pol\u00edtics, sobretot quan governa en minoria&#8221;. No obstant a\u00e7\u00f2, &#8220;no han estat capa\u00e7os de cercar el consens i l&#8217;acord necessari, i han preferit deixar Menorca sense pressupostos a negociar amb els grups de l&#8217;oposici\u00f3 per tal de treure endavant els comptes&#8221;. Per tant, la socialista ha demanat que &#8220;si ja neix mort, com pretenen fer pol\u00edtica a favor de Menorca i dels menorquins i menorquines?&#8221;.<\/p>\n<p>En aquest sentit, la portaveu ha dit de forma contundent que &#8220;si el PP cercava l&#8217;acord amb el PSOE, i volia tenir estabilitat a la instituci\u00f3, havia de ser a trav\u00e9s de trobar acords sobre grans pol\u00edtiques que afecten Menorca i que anessin molt m\u00e9s enll\u00e0 dels nombres. Per\u00f2 hem vist que no han fet l&#8217;esfor\u00e7 ni han tingut la voluntat de cercar-lo&#8221;. I ha advertit que &#8220;si el PP acaba cedint al xantatge de Vox i s&#8217;acaba radicalitzant nom\u00e9s per mantenir el govern, no comptar\u00e0, en cap cas, amb el suport del PSOE&#8221;. <span class=\"Apple-converted-space\">\u00a0<\/span>[\/vc_column_text][\/vc_column][vc_column width=&#8221;1\/2&#8243;][vc_column_text]Quant al contingut, &#8220;es tracta d&#8217;un pressupost que no d\u00f3na resposta a les necessitats dels menorquins i menorquines&#8221;, i ha recordat que &#8220;malgrat ser el m\u00e9s alt de la hist\u00f2ria, no contempla una mesura d&#8217;escut social&#8221;. En aquest punt, Mora ha lamentat que el PP s&#8217;ompli la boca de dir que &#8220;fa feina per la diversificaci\u00f3 econ\u00f2mica&#8221; quan les partides dirigides al sector primari de Menorca es disminueixen a favor de la promoci\u00f3 tur\u00edstica, per exemple.<\/p>\n<p>Amb tot, Susana Mora ha acabat la intervenci\u00f3 defensant que &#8220;la pol\u00edtica \u00e9s molt m\u00e9s que gesti\u00f3 i molt m\u00e9s que nombres. La pol\u00edtica ha de ser l&#8217;eina que transformi la realitat de la nostra gent, i per a\u00e7\u00f2 necessita el lideratge pol\u00edtic, la negociaci\u00f3 i l&#8217;impuls de projectes propis que no ha tingut precisament l&#8217;actual equip de govern del PP, el qual, recordam, governa en minoria&#8221;.<span class=\"Apple-converted-space\">\u00a0<\/span><\/p>\n<p>&#8220;Els menorquins i menorquines no mereixen un govern que vagi de crisi en crisi i d&#8217;irresponsabilitat en irresponsabilitat, mereix uns responsables pol\u00edtics que vetllin pel seu inter\u00e8s, en lloc per l&#8217;inter\u00e8s partidista&#8221;. Per tant, &#8220;demanam al PP que torni al seny, a la coher\u00e8ncia i canvi\u00ef la din\u00e0mica&#8221;. Mentrestant, &#8220;vull deixar clar que, mentre el vot contari de Vox \u00e9s a canvi de tornar a un cogovern amb el PP, el vot contrari del PSOE \u00e9s a favor de l&#8217;inter\u00e8s general de la gent de Menorca&#8221;, ha concl\u00f2s.[\/vc_column_text][\/vc_column][\/vc_row]\n<\/div>","protected":false},"excerpt":{"rendered":"<p>[vc_row el_class=&#8221;img_noticia&#8221;][vc_column][vc_single_image image=&#8221;26516&#8243; img_size=&#8221;full&#8221;][\/vc_column][\/vc_row][vc_row el_class=&#8221;intro&#8221;][vc_column][vc_column_text]La portaveu socialista ha lamentat l&#8217;esc\u00e0ndol del Consell Insular entorn els pressupostos i ha dit que &#8220;no trobaran el PSOE si no \u00e9s per consensuar les grans pol\u00edtiques que afecten Menorca&#8221;[\/vc_column_text][\/vc_column][\/vc_row][vc_row][vc_column width=&#8221;1\/2&#8221;][vc_column_text]En el plenari d&#8217;aprovaci\u00f3 inicial dels pressupostos del Consell Insular de Menorca, la portaveu del Grup Socialista a la instituci\u00f3,&hellip;<\/p>\n","protected":false},"author":6,"featured_media":26516,"comment_status":"open","ping_status":"open","sticky":false,"template":"","format":"standard","meta":{"footnotes":""},"categories":[2,1,92],"tags":[],"class_list":["post-26526","post","type-post","status-publish","format-standard","has-post-thumbnail","hentry","category-federacio-de-menorca","category-federacio-de-menorca-portada","category-portada"],"_links":{"self":[{"href":"https:\/\/www.psib-psoe.org\/menorca\/wp-json\/wp\/v2\/posts\/26526"}],"collection":[{"href":"https:\/\/www.psib-psoe.org\/menorca\/wp-json\/wp\/v2\/posts"}],"about":[{"href":"https:\/\/www.psib-psoe.org\/menorca\/wp-json\/wp\/v2\/types\/post"}],"author":[{"embeddable":true,"href":"https:\/\/www.psib-psoe.org\/menorca\/wp-json\/wp\/v2\/users\/6"}],"replies":[{"embeddable":true,"href":"https:\/\/www.psib-psoe.org\/menorca\/wp-json\/wp\/v2\/comments?post=26526"}],"version-history":[{"count":0,"href":"https:\/\/www.psib-psoe.org\/menorca\/wp-json\/wp\/v2\/posts\/26526\/revisions"}],"wp:featuredmedia":[{"embeddable":true,"href":"https:\/\/www.psib-psoe.org\/menorca\/wp-json\/wp\/v2\/media\/26516"}],"wp:attachment":[{"href":"https:\/\/www.psib-psoe.org\/menorca\/wp-json\/wp\/v2\/media?parent=26526"}],"wp:term":[{"taxonomy":"category","embeddable":true,"href":"https:\/\/www.psib-psoe.org\/menorca\/wp-json\/wp\/v2\/categories?post=26526"},{"taxonomy":"post_tag","embeddable":true,"href":"https:\/\/www.psib-psoe.org\/menorca\/wp-json\/wp\/v2\/tags?post=26526"}],"curies":[{"name":"wp","href":"https:\/\/api.w.org\/{rel}","templated":true}]}}