{"id":26583,"date":"2024-02-16T13:34:19","date_gmt":"2024-02-16T11:34:19","guid":{"rendered":"https:\/\/www.psib-psoe.org\/menorca\/?p=26583"},"modified":"2024-02-16T13:34:19","modified_gmt":"2024-02-16T11:34:19","slug":"el-psoe-menorca-acusa-el-pp-dhipotecar-el-futur-de-menorca-amb-la-mala-gestio-del-parc-aquatic-de-biniancolla","status":"publish","type":"post","link":"https:\/\/www.psib-psoe.org\/menorca\/el-psoe-menorca-acusa-el-pp-dhipotecar-el-futur-de-menorca-amb-la-mala-gestio-del-parc-aquatic-de-biniancolla\/","title":{"rendered":"El PSOE Menorca acusa el PP d&#8217;hipotecar el futur de Menorca amb la mala gesti\u00f3 del parc aqu\u00e0tic de Biniancolla"},"content":{"rendered":"<div class=\"wpb-content-wrapper\">[vc_row el_class=&#8221;img_noticia&#8221;][vc_column][vc_single_image image=&#8221;26584&#8243; img_size=&#8221;full&#8221;][\/vc_column][\/vc_row][vc_row el_class=&#8221;intro&#8221;][vc_column][vc_column_text]Susana Mora acusa el PP de destruir el model territorial de Menorca i d&#8217;hipotecar el futur de l&#8217;illa per culpa de la seva mala gesti\u00f3 territorial[\/vc_column_text][\/vc_column][\/vc_row][vc_row][vc_column width=&#8221;1\/2&#8243;][vc_column_text]Aquest mat\u00ed, la portaveu del Grup Socialista al Consell de Menorca, Susana Mora, acompanyada pel conseller Eduardo Robsy, ha explicat el sentit del vot del Partit Socialista al plenari sobre l&#8217;informe de no admissi\u00f3 del recurs presentat per la titularitat del parc aqu\u00e0tic de Biniancolla per desestimar la indemnitzaci\u00f3 que es reclama. En aquest punt, la socialista ha explicat que el vot ser\u00e0 favorable per coher\u00e8ncia i perqu\u00e8 &#8220;la feina dels \u00faltims anys de govern d&#8217;esquerres sempre ha estat la d&#8217;intentar evitar, per les vies legals, que els menorquins i menorquines paguin per un error greu del PP&#8221;.<span class=\"Apple-converted-space\">\u00a0<\/span><\/p>\n<p>A m\u00e9s, Mora ha posat en context aquesta situaci\u00f3. &#8220;Esteim en aquest punt perqu\u00e8 el Partit Popular, en el seu mandat del 2011 al 2015, va decidir destruir Menorca. Durant aquells anys vam viure, per una banda, com la consellera Marta Vidal aprovava una NTT amb l&#8217;objectiu de destruit tot all\u00f2 que els menorquins i menorquines havien decidit que fos Menorca a trav\u00e9s del nostre PTI. I, per l&#8217;altra, va atorgar la llic\u00e8ncia, amb informes en contra, que va obrir la porta a la construcci\u00f3 del parc en s\u00f2l r\u00fastic, i gr\u00e0cies a la qual avui tenim aquest greu problema&#8221;.<span class=\"Apple-converted-space\">\u00a0<\/span><\/p>\n<p>El PSOE, en aquell moment, estava a l&#8217;oposici\u00f3 i ja va manifestar que &#8220;es podia construir a un terreny adjacent a la propietat de l&#8217;Hotel sense haver d&#8217;inc\u00f3rrer en cap tipus d&#8217;infracci\u00f3 urban\u00edstica. No obstant a\u00e7\u00f2, el Consell Insular, governat pel PP, va acceptar i aprovar la seva construcci\u00f3 en un terreny que estava protegit pel nostre PTI&#8221;.[\/vc_column_text][\/vc_column][vc_column width=&#8221;1\/2&#8243;][vc_column_text]A m\u00e9s, la socialista ha recordat que &#8220;en aquest expedient es van implicar, a m\u00e9s, dues conselleries. La de territori, liderada per Marta Vidal, i la d&#8217;Ordenaci\u00f3 Tur\u00edstica, liderada per Salom\u00e9 Cabrera, les quals van donar l&#8217;inter\u00e8s general al parc amb un informe extern en contra&#8221;.<span class=\"Apple-converted-space\">\u00a0<\/span><\/p>\n<p>A partir d&#8217;aqu\u00ed, Susana Mora ha demanat al PP que &#8220;segueixi endavant amb la lluita perqu\u00e8 la societat menorquina no hagi de pagar cap c\u00e8ntim per una mala gesti\u00f3 que va fer en el seu moment&#8221;, i ha afegit que &#8220;si finalment es declara una responsabilitat patrimonial de la qual es deriva una indemnitzaci\u00f3, perqu\u00e8 aix\u00ed ho dictamina un jutge, no la part interessada, el PP haur\u00e0 de donar la cara i donar explicacions p\u00fabliques&#8221;. I ha concl\u00f2s amb la idea que &#8220;destruir Menorca surt molt car, no nom\u00e9s per una q\u00fcesti\u00f3 de desprotecci\u00f3 del territori, sin\u00f3 perqu\u00e8, a m\u00e9s, hipotecam el futur dels recursos del Consell de Menorca per una mala decisi\u00f3 del Partit Popular, sabent que, tot i aixi, anava en contra de l&#8217;ordenaci\u00f3 territorial de l&#8217;illa&#8221;.<span class=\"Apple-converted-space\">\u00a0<\/span>[\/vc_column_text][\/vc_column][\/vc_row]\n<\/div>","protected":false},"excerpt":{"rendered":"<p>[vc_row el_class=&#8221;img_noticia&#8221;][vc_column][vc_single_image image=&#8221;26584&#8243; img_size=&#8221;full&#8221;][\/vc_column][\/vc_row][vc_row el_class=&#8221;intro&#8221;][vc_column][vc_column_text]Susana Mora acusa el PP de destruir el model territorial de Menorca i d&#8217;hipotecar el futur de l&#8217;illa per culpa de la seva mala gesti\u00f3 territorial[\/vc_column_text][\/vc_column][\/vc_row][vc_row][vc_column width=&#8221;1\/2&#8243;][vc_column_text]Aquest mat\u00ed, la portaveu del Grup Socialista al Consell de Menorca, Susana Mora, acompanyada pel conseller Eduardo Robsy, ha explicat el sentit del vot del&hellip;<\/p>\n","protected":false},"author":6,"featured_media":26584,"comment_status":"open","ping_status":"open","sticky":false,"template":"","format":"standard","meta":{"footnotes":""},"categories":[2,1,92],"tags":[],"class_list":["post-26583","post","type-post","status-publish","format-standard","has-post-thumbnail","hentry","category-federacio-de-menorca","category-federacio-de-menorca-portada","category-portada"],"_links":{"self":[{"href":"https:\/\/www.psib-psoe.org\/menorca\/wp-json\/wp\/v2\/posts\/26583"}],"collection":[{"href":"https:\/\/www.psib-psoe.org\/menorca\/wp-json\/wp\/v2\/posts"}],"about":[{"href":"https:\/\/www.psib-psoe.org\/menorca\/wp-json\/wp\/v2\/types\/post"}],"author":[{"embeddable":true,"href":"https:\/\/www.psib-psoe.org\/menorca\/wp-json\/wp\/v2\/users\/6"}],"replies":[{"embeddable":true,"href":"https:\/\/www.psib-psoe.org\/menorca\/wp-json\/wp\/v2\/comments?post=26583"}],"version-history":[{"count":0,"href":"https:\/\/www.psib-psoe.org\/menorca\/wp-json\/wp\/v2\/posts\/26583\/revisions"}],"wp:featuredmedia":[{"embeddable":true,"href":"https:\/\/www.psib-psoe.org\/menorca\/wp-json\/wp\/v2\/media\/26584"}],"wp:attachment":[{"href":"https:\/\/www.psib-psoe.org\/menorca\/wp-json\/wp\/v2\/media?parent=26583"}],"wp:term":[{"taxonomy":"category","embeddable":true,"href":"https:\/\/www.psib-psoe.org\/menorca\/wp-json\/wp\/v2\/categories?post=26583"},{"taxonomy":"post_tag","embeddable":true,"href":"https:\/\/www.psib-psoe.org\/menorca\/wp-json\/wp\/v2\/tags?post=26583"}],"curies":[{"name":"wp","href":"https:\/\/api.w.org\/{rel}","templated":true}]}}