{"id":26597,"date":"2024-02-27T12:44:07","date_gmt":"2024-02-27T10:44:07","guid":{"rendered":"https:\/\/www.psib-psoe.org\/menorca\/?p=26597"},"modified":"2024-02-27T12:44:07","modified_gmt":"2024-02-27T10:44:07","slug":"carol-marques-critica-el-discurs-demagogic-del-pp-entorn-el-cicle-de-laigua-i-li-demana-que-doni-continuitat-a-la-feina-que-lanterior-govern-va-deixar-feta","status":"publish","type":"post","link":"https:\/\/www.psib-psoe.org\/menorca\/carol-marques-critica-el-discurs-demagogic-del-pp-entorn-el-cicle-de-laigua-i-li-demana-que-doni-continuitat-a-la-feina-que-lanterior-govern-va-deixar-feta\/","title":{"rendered":"Carol Marqu\u00e8s critica el discurs demag\u00f2gic del PP entorn el cicle de l&#8217;aigua i li demana que doni continu\u00eftat &#8220;a la feina que l&#8217;anterior govern va deixar feta&#8221;"},"content":{"rendered":"<div class=\"wpb-content-wrapper\">[vc_row el_class=&#8221;img_noticia&#8221;][vc_column][vc_single_image image=&#8221;26476&#8243; img_size=&#8221;full&#8221;][\/vc_column][\/vc_row][vc_row el_class=&#8221;intro&#8221;][vc_column][vc_column_text]La socialista ha tornat interpel\u00b7lar el conseller Lafuente per exigir accions concretes que doni soluci\u00f3 al problema d&#8217;abastament d&#8217;aigua que pateixen les Illes Balears[\/vc_column_text][\/vc_column][\/vc_row][vc_row][vc_column width=&#8221;1\/2&#8243;][vc_column_text]La diputada socialista, Carol Marqu\u00e8s, ha interpel\u00b7lat aquest mat\u00ed el conseller Juan Manuel Lafuente per exigir que detalli el calendari d&#8217;execuci\u00f3 de les infraestructures del cicle de l&#8217;aigua que s\u00f3n necess\u00e0ries per donar resposta a les necessitats d&#8217;abastament de la ciutadania, ja que les darreres respostes del popular, en paraules de Marqu\u00e8s, &#8220;han estat per donar llargues, amb paraules buides, enganys i cap mesura concreta per fer front a aquesta situaci\u00f3&#8221;.<span class=\"Apple-converted-space\">\u00a0<\/span><\/p>\n<p>&#8220;S&#8217;omplen la boca en explicar per premsa la posada en marxa de diferents obres per garantir l&#8217;abastament d&#8217;aigua potable a diferents punts de les illes, per\u00f2 la realitat \u00e9s que nom\u00e9s es troben redactant el Pla d&#8217;Infraestructures, els efectes del qual vorem a llarg termini&#8221;. Un pla que, tal com ha recordat la socialista, &#8220;va ser l&#8217;anterior govern que va deixar la base de la feina feta. Ara nom\u00e9s han de creure en aquesta problem\u00e0tica i no \u00e9s necessari esperar a tenir un nou pla per actuar, mentre nom\u00e9s han donar continu\u00eftat al nostre full de ruta&#8221;.<\/p>\n<p>En aquest sentit, la diputada ha explicat la feina feta que van deixar damunt la taula. &#8220;Vam iniciar un Pla Hidrol\u00f2gic que marca el full de ruta a seguir per garantir l&#8217;abastament i la preservaci\u00f3 dels aq\u00fc\u00edfers en un estat \u00f2ptim els propers anys i que preveu m\u00e9s de 600 mesures. Un Pla d&#8217;Actuaci\u00f3 en situacions d&#8217;alerta i eventual sequera, el qual incia les mesures a aplicar per anticipar-se a aquesta situaci\u00f3. Un Pla d&#8217;Inversions urgents, amb 146M\u20ac, per executar m\u00e9s de 35 obres, algunes d&#8217;elles en marxa i d&#8217;altres en tramitaci\u00f3&#8221;.<span class=\"Apple-converted-space\">\u00a0<\/span>[\/vc_column_text][\/vc_column][vc_column width=&#8221;1\/2&#8243;][vc_column_text]De fet, &#8220;la gran majoria de les infraestructures d&#8217;aquest \u00faltim pla van quedar fora del pressupost del 2024 i, pensant que s&#8217;havia tractat d&#8217;un oblit puntual, el Grup Parlamentari Socialista va presentar un seguit d&#8217;emenes per donar l&#8217;oportunitat al Govern d&#8217;incloure aquestes necessitats en els comptes. La sorpresa va venir quan no ens van acceptar cap esmena i, llavors, vam entendre que no es tractava d&#8217;un oblit puntual, sin\u00f3 una clara voluntat de no voler pressupostar-ne cap&#8221;.<span class=\"Apple-converted-space\">\u00a0<\/span><\/p>\n<p>I, fins i tot, &#8220;tamb\u00e9 vam deixar un pla que tenia l&#8217;objectiu de reduir les p\u00e8rdues a les xarxes municipals de distribuci\u00f3 d&#8217;aigua i altres actuacions d&#8217;abastament, amb 20M\u20ac de l&#8217;ITS del 2022, un pla que ja estava negociat amb tots els consells i ajuntaments. I quan nom\u00e9s faltava signar-lo, el PP, de forma intencionada, va tardar 6 mesos en fer-ho perqu\u00e8 d&#8217;aquesta manera han presentat el Pla com a seu per poder mantenir el seu mantra que l&#8217;esquerra, en mat\u00e8ria d&#8217;aigua, no va fer res en 8 anys, quan la realitat \u00e9s que li hem deixat la feina en marxa i ben encaminada&#8221;.<\/p>\n<p>Per acabar, Carol Marqu\u00e8s ha denunciat que &#8220;no ens podem permetre un conseller responsable d&#8217;una de les problem\u00e0tiques m\u00e9s importants que pateixen les nostres illes, la del cicle de l&#8217;aigua, i que no ent\u00e9n la import\u00e0ncia de donar respostes clares i d&#8217;actuar d&#8217;una manera m\u00e9s responsable i compromesa, amb accions clares, efectes i concretes per poder garantir l&#8217;abastament de l&#8217;aigua a la ciutadania. No mereixem paraules buides, ni m\u00e9s enganys, l&#8217;\u00fanic que demanam s\u00f3n m\u00e9s accions concretes&#8221;.<span class=\"Apple-converted-space\">\u00a0<\/span>[\/vc_column_text][\/vc_column][\/vc_row]\n<\/div>","protected":false},"excerpt":{"rendered":"<p>[vc_row el_class=&#8221;img_noticia&#8221;][vc_column][vc_single_image image=&#8221;26476&#8243; img_size=&#8221;full&#8221;][\/vc_column][\/vc_row][vc_row el_class=&#8221;intro&#8221;][vc_column][vc_column_text]La socialista ha tornat interpel\u00b7lar el conseller Lafuente per exigir accions concretes que doni soluci\u00f3 al problema d&#8217;abastament d&#8217;aigua que pateixen les Illes Balears[\/vc_column_text][\/vc_column][\/vc_row][vc_row][vc_column width=&#8221;1\/2&#8243;][vc_column_text]La diputada socialista, Carol Marqu\u00e8s, ha interpel\u00b7lat aquest mat\u00ed el conseller Juan Manuel Lafuente per exigir que detalli el calendari d&#8217;execuci\u00f3 de les infraestructures del cicle de&hellip;<\/p>\n","protected":false},"author":6,"featured_media":26476,"comment_status":"open","ping_status":"open","sticky":false,"template":"","format":"standard","meta":{"footnotes":""},"categories":[2,1,92],"tags":[],"class_list":["post-26597","post","type-post","status-publish","format-standard","has-post-thumbnail","hentry","category-federacio-de-menorca","category-federacio-de-menorca-portada","category-portada"],"_links":{"self":[{"href":"https:\/\/www.psib-psoe.org\/menorca\/wp-json\/wp\/v2\/posts\/26597"}],"collection":[{"href":"https:\/\/www.psib-psoe.org\/menorca\/wp-json\/wp\/v2\/posts"}],"about":[{"href":"https:\/\/www.psib-psoe.org\/menorca\/wp-json\/wp\/v2\/types\/post"}],"author":[{"embeddable":true,"href":"https:\/\/www.psib-psoe.org\/menorca\/wp-json\/wp\/v2\/users\/6"}],"replies":[{"embeddable":true,"href":"https:\/\/www.psib-psoe.org\/menorca\/wp-json\/wp\/v2\/comments?post=26597"}],"version-history":[{"count":0,"href":"https:\/\/www.psib-psoe.org\/menorca\/wp-json\/wp\/v2\/posts\/26597\/revisions"}],"wp:featuredmedia":[{"embeddable":true,"href":"https:\/\/www.psib-psoe.org\/menorca\/wp-json\/wp\/v2\/media\/26476"}],"wp:attachment":[{"href":"https:\/\/www.psib-psoe.org\/menorca\/wp-json\/wp\/v2\/media?parent=26597"}],"wp:term":[{"taxonomy":"category","embeddable":true,"href":"https:\/\/www.psib-psoe.org\/menorca\/wp-json\/wp\/v2\/categories?post=26597"},{"taxonomy":"post_tag","embeddable":true,"href":"https:\/\/www.psib-psoe.org\/menorca\/wp-json\/wp\/v2\/tags?post=26597"}],"curies":[{"name":"wp","href":"https:\/\/api.w.org\/{rel}","templated":true}]}}