{"id":26636,"date":"2024-04-14T09:48:57","date_gmt":"2024-04-14T07:48:57","guid":{"rendered":"https:\/\/www.psib-psoe.org\/menorca\/?p=26636"},"modified":"2024-04-19T09:51:21","modified_gmt":"2024-04-19T07:51:21","slug":"deslegitimar-les-institucions-democratiques-es-atacar-la-constitucio-per-pepe-mercadal","status":"publish","type":"post","link":"https:\/\/www.psib-psoe.org\/menorca\/deslegitimar-les-institucions-democratiques-es-atacar-la-constitucio-per-pepe-mercadal\/","title":{"rendered":"&#8220;Deslegitimar les institucions democr\u00e0tiques \u00e9s atacar la Constituci\u00f3&#8221;, per Pepe Mercadal"},"content":{"rendered":"<div class=\"wpb-content-wrapper\">[vc_row el_class=&#8221;img_noticia&#8221;][vc_column][vc_single_image image=&#8221;26627&#8243; img_size=&#8221;full&#8221;][\/vc_column][\/vc_row][vc_row el_class=&#8221;intro&#8221;][vc_column][vc_column_text][\/vc_column_text][\/vc_column][\/vc_row][vc_row][vc_column width=&#8221;1\/2&#8243;][vc_column_text]El 8 d\u2019abril, qui va ser president del Consell Insular entre 1991 i 1995, el Sr. Joan Huguet, publicava en aquest diari l\u2019article \u201cS\u00e1nchez y su proyecto de poder\u201d. \u00c9s el darrer dels articles que inflen el relat deslegitimador contra el Govern de Pedro S\u00e1nchez que ha posat en marxa el Partit Popular a tota Espanya.<\/p>\n<p>Espanya \u00e9s una democr\u00e0cia i pens que la gran majoria dels ciutadans i les ciutadanes ho sabem. Elegim, a trav\u00e9s d\u2019eleccions lliures i justes, als nostres representants als parlaments qui, alhora, investim els presidents dels governs i votam les lleis. No crec que ning\u00fa que se situ\u00ef al centre o al centredreta es pugui creure seriosament que el Govern d\u2019Espanya est\u00e0 acabant amb la democr\u00e0cia com diuen i repeteixen els membres del Partit Popular, com per exemple el Sr. Joan Huguet al seu article. L\u2019estrat\u00e8gia del PP \u00e9s fer tot aquest renou per treure protagonisme a Vox i atraure votants de l\u2019extrema dreta de cara a les eleccions europees del 9 de juny.<\/p>\n<p>El problema d\u2019aquesta estrat\u00e8gia \u00e9s que deslegitimar les institucions de la nostra democr\u00e0cia \u00e9s travessar un Rubic\u00f3. Correm el perill d\u2019arribar a un punt de no tornada. De fet, l\u2019estrat\u00e8gia actual del PP l\u2019han emprat des de Ch\u00e1vez a Vene\u00e7uela fins a Trump als Estats Units, passant per Orban a Hongria, Bukele a El Salvador, Ortega a Nicaragua o el Partit de Llei i Just\u00edcia a Pol\u00f2nia. Deslegitimar les institucions democr\u00e0tiques no \u00e9s ni de dretes ni d\u2019esquerres, per\u00f2 s\u00ed que \u00e9s molt poc democr\u00e0tic.<\/p>\n<p>Q\u00fcestionar constantment les institucions \u00e9s q\u00fcestionar la Constituci\u00f3, perqu\u00e8 \u00e9s la Constituci\u00f3 el que estableix tots els procediments pels quals elegim aquestes institucions. Si el PP i el Sr. Huguet en el seu article q\u00fcestionen la legitimitat de Pedro S\u00e1nchez com a President del Govern o de Francina Armengol com a presidenta del Congr\u00e9s, el PP i el Sr Huguet q\u00fcestionen la Constituci\u00f3 espanyola. O quan Esteban Gonz\u00e1lez Pons va dir que el Tribunal Constitucional era \u201cel c\u00e0ncer\u201d d\u2019Espanya, el que q\u00fcestiona \u00e9s la Constituci\u00f3 espanyola.[\/vc_column_text][\/vc_column][vc_column width=&#8221;1\/2&#8243;][vc_column_text]La majoria de diputats del Congr\u00e9s vam elegir Francina Armengol com a presidenta de la cambra i la mateixa majoria vam investir Pedro S\u00e1nchez president del Govern. Una majoria leg\u00edtima que emana del resultat de les eleccions generals del 23 de juliol i que, per cert, representa 12,6 milions de votants, un mili\u00f3 i mig m\u00e9s que els que representen PP i Vox. Posar en dubte a\u00e7\u00f2 \u00e9s no respectar el resultat electoral, la voluntat de la majoria dels votants i, en definitiva, el proc\u00e9s que estableix la Constituci\u00f3.<\/p>\n<p>Pel b\u00e9 de la nostra democr\u00e0cia, \u00e9s urgent que el PP deixi d\u2019atacar la Constituci\u00f3 i la comenci a acatar, perqu\u00e8 fa cinc anys que la incompleix. Fa cinc anys que el PP bloqueja la renovaci\u00f3 dels membres del Consell General del Poder Judicial que han de ser nomenats a proposta del Congr\u00e9s i el Senat amb el suport de tres quintes parts dels diputats i senadors, com diu l\u2019article 122 de la Constituci\u00f3.<\/p>\n<p>Per acabar, ja que parlam de la legitimitat dels governs, saben quin tipus de govern pens que t\u00e9 molt poca legitimitat? Aquell que se sost\u00e9 en el transfuguisme. Segons el Pacte Antitransfuguisme, un tr\u00e0nsfuga \u00e9s una persona que ostenta un c\u00e0rrec p\u00fablic i, sense dimitir, abandona el partit pol\u00edtic que l\u2019ha perm\u00e8s obtenir aquest c\u00e0rrec p\u00fablic. El transfuguisme \u00e9s essencialment antidemocr\u00e0tic, perqu\u00e8 suposa un engany als ciutadans i ciutadanes que t\u2019han votat.<span class=\"Apple-converted-space\">\u00a0<\/span><\/p>\n<p>A Menorca hem conegut, malauradament, algun exemple de transfuguisme. El m\u00e9s clamor\u00f3s, precisament, \u00e9s el que va fer al Sr. Huguet president del Consell, quan Jaume Peralta, conseller elegit dins la llista del PSOE, el 1991 va donar suport a una moci\u00f3 de censura contra el president socialista Albert Moragues i per entregar la presid\u00e8ncia a Joan Huguet. Aix\u00ed que el Sr. Huguet, que va ser president gr\u00e0cies al transfuguisme antidemocr\u00e0tic, avui q\u00fcestiona la legitimitat d\u2019institucions que han seguit tots els processos que marca la Constituci\u00f3. \u201cCosas veredes, amigo Sancho\u201d.[\/vc_column_text][\/vc_column][\/vc_row]\n<\/div>","protected":false},"excerpt":{"rendered":"<p>[vc_row el_class=&#8221;img_noticia&#8221;][vc_column][vc_single_image image=&#8221;26627&#8243; img_size=&#8221;full&#8221;][\/vc_column][\/vc_row][vc_row el_class=&#8221;intro&#8221;][vc_column][vc_column_text][\/vc_column_text][\/vc_column][\/vc_row][vc_row][vc_column width=&#8221;1\/2&#8243;][vc_column_text]El 8 d\u2019abril, qui va ser president del Consell Insular entre 1991 i 1995, el Sr. Joan Huguet, publicava en aquest diari l\u2019article \u201cS\u00e1nchez y su proyecto de poder\u201d. \u00c9s el darrer dels articles que inflen el relat deslegitimador contra el Govern de Pedro S\u00e1nchez que ha posat en marxa&hellip;<\/p>\n","protected":false},"author":6,"featured_media":26627,"comment_status":"open","ping_status":"open","sticky":false,"template":"","format":"standard","meta":{"footnotes":""},"categories":[2,1,92],"tags":[],"class_list":["post-26636","post","type-post","status-publish","format-standard","has-post-thumbnail","hentry","category-federacio-de-menorca","category-federacio-de-menorca-portada","category-portada"],"_links":{"self":[{"href":"https:\/\/www.psib-psoe.org\/menorca\/wp-json\/wp\/v2\/posts\/26636"}],"collection":[{"href":"https:\/\/www.psib-psoe.org\/menorca\/wp-json\/wp\/v2\/posts"}],"about":[{"href":"https:\/\/www.psib-psoe.org\/menorca\/wp-json\/wp\/v2\/types\/post"}],"author":[{"embeddable":true,"href":"https:\/\/www.psib-psoe.org\/menorca\/wp-json\/wp\/v2\/users\/6"}],"replies":[{"embeddable":true,"href":"https:\/\/www.psib-psoe.org\/menorca\/wp-json\/wp\/v2\/comments?post=26636"}],"version-history":[{"count":0,"href":"https:\/\/www.psib-psoe.org\/menorca\/wp-json\/wp\/v2\/posts\/26636\/revisions"}],"wp:featuredmedia":[{"embeddable":true,"href":"https:\/\/www.psib-psoe.org\/menorca\/wp-json\/wp\/v2\/media\/26627"}],"wp:attachment":[{"href":"https:\/\/www.psib-psoe.org\/menorca\/wp-json\/wp\/v2\/media?parent=26636"}],"wp:term":[{"taxonomy":"category","embeddable":true,"href":"https:\/\/www.psib-psoe.org\/menorca\/wp-json\/wp\/v2\/categories?post=26636"},{"taxonomy":"post_tag","embeddable":true,"href":"https:\/\/www.psib-psoe.org\/menorca\/wp-json\/wp\/v2\/tags?post=26636"}],"curies":[{"name":"wp","href":"https:\/\/api.w.org\/{rel}","templated":true}]}}