{"id":26700,"date":"2024-06-15T08:10:03","date_gmt":"2024-06-15T06:10:03","guid":{"rendered":"https:\/\/www.psib-psoe.org\/menorca\/?p=26700"},"modified":"2024-06-14T20:10:38","modified_gmt":"2024-06-14T18:10:38","slug":"el-psoe-menorca-adverteix-que-el-decret-de-depredacio-urbanistica-del-govern-de-prohens-suposa-la-major-desproteccio-del-sol-rustic-de-la-historia-a-menorca","status":"publish","type":"post","link":"https:\/\/www.psib-psoe.org\/menorca\/el-psoe-menorca-adverteix-que-el-decret-de-depredacio-urbanistica-del-govern-de-prohens-suposa-la-major-desproteccio-del-sol-rustic-de-la-historia-a-menorca\/","title":{"rendered":"El PSOE Menorca adverteix que el decret de depredaci\u00f3 urban\u00edstica del Govern de Prohens suposa la major desprotecci\u00f3 del s\u00f2l r\u00fastic de la hist\u00f2ria a Menorca"},"content":{"rendered":"<div class=\"wpb-content-wrapper\">[vc_row el_class=&#8221;img_noticia&#8221;][vc_column][vc_single_image image=&#8221;26353&#8243; img_size=&#8221;full&#8221;][\/vc_column][\/vc_row][vc_row el_class=&#8221;intro&#8221;][vc_column][vc_column_text]Susana Mora ha advertit del perill que suposa l&#8217;aplicaci\u00f3 del decret de depredaci\u00f3 urban\u00edstica sobre el territori de Menorca i ha afirmat que la pol\u00edtica est\u00e0 per ordenar i protegir, no per desorder i destruir<\/p>\n<p>A m\u00e9s, la socialista apel\u00b7la a la responsabilitat i al seny de Vilafranca per defensar la pol\u00edtica territorial menorquina que ha estat reconeguda arreu del m\u00f3n[\/vc_column_text][\/vc_column][\/vc_row][vc_row][vc_column width=&#8221;1\/2&#8243;][vc_column_text]La Comissi\u00f3 Executiva del PSOE Menorca va reunir ahir vespre els seus membres per denunciar de forma conjunta el que suposa per a l&#8217;illa l&#8217;aplicaci\u00f3 del decret de simplificaci\u00f3 administrativa que ha aprovat el Govern de Prohens. Concretament, es tracta d&#8217;una normativa que tindr\u00e0 una incid\u00e8ncia molt negativa sobre el territori de Menorca, suposant la possible destrucci\u00f3 de bona part del r\u00fastic despr\u00e9s de tants anys de protecci\u00f3, a trav\u00e9s de l\u00edmits i normes basades amb criteris mediambientals, territorials i urban\u00edstics.<span class=\"Apple-converted-space\">\u00a0<\/span><\/p>\n<p>En aquest sentit, la secret\u00e0ria general del PSOE Menorca, Susana Mora, va posar dos exemples molt clars que il\u00b7lustren els efectes negatius d&#8217;aquest decret llei aprovat sense di\u00e0leg ni consens i totalment a la carta. Per una banda, es permetr\u00e0 la construcci\u00f3 de p\u00e0rquings en s\u00f2l r\u00fastic, fins i tot en espais protegits com devora les m\u00e9s ben conservades platges verges, un fet que a Menorca tindr\u00e0 una greu conseq\u00fc\u00e8ncia. &#8220;Posar\u00e0 m\u00e9s pressi\u00f3 al nostre entorn natural i tamb\u00e9 a les carreteres, afectant al s\u00f2l i a la biodiversitat local. La pol\u00edtica est\u00e0 per ordenar i protegir, no per desordenar i destruir&#8221;.<span class=\"Apple-converted-space\">\u00a0<\/span><\/p>\n<p>Per altra banda, la socialista ha dit que gr\u00e0cies a aquest decret llei, &#8220;podr\u00edem veure a llarg termini, per exemple, un parc tem\u00e0tic a la platja de Cavalleria. O tamb\u00e9 p\u00e0rquings a la platja de Macarella. Ambd\u00f3s casos desvirtuarien el model de Menorca i suposarien la major desprotecci\u00f3 del s\u00f2l r\u00fastic que haur\u00e0 vist Menorca en la seva hist\u00f2ria. Per a\u00e7\u00f2, des del PSOE Menorca ens oposam de forma ferma i mantenim la nostra defensa de totes les normatives que han perm\u00e8s tenir un territori ordenat i protegit&#8221;.<span class=\"Apple-converted-space\">\u00a0<\/span>[\/vc_column_text][\/vc_column][vc_column width=&#8221;1\/2&#8243;][vc_column_text]A m\u00e9s, la socialista, amb el suport dels membres de la Comissi\u00f3 Executiva del PSOE Menorca, van coincidir amb la idea que &#8220;aquest decret llei \u00e9s un greu error, el qual suposar\u00e0 la major desprotecci\u00f3 del s\u00f2l r\u00fastic de la hist\u00f2ria a Menorca per deixar que els infractors puguin regularitzar els seus habitatges il\u00b7legals, a m\u00e9s de deixar legalitzar usos. Tot amb l&#8217;objectiu&#8221;, ha dit, &#8220;de beneficiar els amics del PP, els que m\u00e9s tenent, en lloc de pensar en l&#8217;inter\u00e8s de tota la ciutadania&#8221;.<span class=\"Apple-converted-space\">\u00a0<\/span><\/p>\n<p>Amb tot, des del PSOE Menorca es va fer una crida a la responsabilitat i al seny del president del Consell de Menorca, Adolfo Vilafranca, perqu\u00e8 &#8220;ara que ha girat el seu discurs 360 graus i s&#8217;ha afegit a la pol\u00edtica dels l\u00edmits i les normes, sigui coherent i alci la veu davant el Govern de Prohens per fer valer la pol\u00edtica territorial menorquina reconeguda arreu del m\u00f3n. Ha de ser m\u00e9s valent a l&#8217;hora de defensar les normes de protecci\u00f3 que han convertit l&#8217;illa en un territori mediambientalment ordenat i protegit&#8221;.<span class=\"Apple-converted-space\">\u00a0<\/span>[\/vc_column_text][\/vc_column][\/vc_row]\n<\/div>","protected":false},"excerpt":{"rendered":"<p>[vc_row el_class=&#8221;img_noticia&#8221;][vc_column][vc_single_image image=&#8221;26353&#8243; img_size=&#8221;full&#8221;][\/vc_column][\/vc_row][vc_row el_class=&#8221;intro&#8221;][vc_column][vc_column_text]Susana Mora ha advertit del perill que suposa l&#8217;aplicaci\u00f3 del decret de depredaci\u00f3 urban\u00edstica sobre el territori de Menorca i ha afirmat que la pol\u00edtica est\u00e0 per ordenar i protegir, no per desorder i destruir A m\u00e9s, la socialista apel\u00b7la a la responsabilitat i al seny de Vilafranca per defensar la&hellip;<\/p>\n","protected":false},"author":6,"featured_media":26353,"comment_status":"open","ping_status":"open","sticky":false,"template":"","format":"standard","meta":{"footnotes":""},"categories":[2,1,92],"tags":[],"class_list":["post-26700","post","type-post","status-publish","format-standard","has-post-thumbnail","hentry","category-federacio-de-menorca","category-federacio-de-menorca-portada","category-portada"],"_links":{"self":[{"href":"https:\/\/www.psib-psoe.org\/menorca\/wp-json\/wp\/v2\/posts\/26700"}],"collection":[{"href":"https:\/\/www.psib-psoe.org\/menorca\/wp-json\/wp\/v2\/posts"}],"about":[{"href":"https:\/\/www.psib-psoe.org\/menorca\/wp-json\/wp\/v2\/types\/post"}],"author":[{"embeddable":true,"href":"https:\/\/www.psib-psoe.org\/menorca\/wp-json\/wp\/v2\/users\/6"}],"replies":[{"embeddable":true,"href":"https:\/\/www.psib-psoe.org\/menorca\/wp-json\/wp\/v2\/comments?post=26700"}],"version-history":[{"count":0,"href":"https:\/\/www.psib-psoe.org\/menorca\/wp-json\/wp\/v2\/posts\/26700\/revisions"}],"wp:featuredmedia":[{"embeddable":true,"href":"https:\/\/www.psib-psoe.org\/menorca\/wp-json\/wp\/v2\/media\/26353"}],"wp:attachment":[{"href":"https:\/\/www.psib-psoe.org\/menorca\/wp-json\/wp\/v2\/media?parent=26700"}],"wp:term":[{"taxonomy":"category","embeddable":true,"href":"https:\/\/www.psib-psoe.org\/menorca\/wp-json\/wp\/v2\/categories?post=26700"},{"taxonomy":"post_tag","embeddable":true,"href":"https:\/\/www.psib-psoe.org\/menorca\/wp-json\/wp\/v2\/tags?post=26700"}],"curies":[{"name":"wp","href":"https:\/\/api.w.org\/{rel}","templated":true}]}}