{"id":26743,"date":"2024-09-18T11:08:24","date_gmt":"2024-09-18T09:08:24","guid":{"rendered":"https:\/\/www.psib-psoe.org\/menorca\/?p=26743"},"modified":"2024-09-18T11:08:24","modified_gmt":"2024-09-18T09:08:24","slug":"el-psoe-menorca-celebra-que-el-govern-despanya-transfereixi-4-milions-deuros-extraordinaris-al-consell-i-5-milions-deuros-als-ajuntaments-de-menorca","status":"publish","type":"post","link":"https:\/\/www.psib-psoe.org\/menorca\/el-psoe-menorca-celebra-que-el-govern-despanya-transfereixi-4-milions-deuros-extraordinaris-al-consell-i-5-milions-deuros-als-ajuntaments-de-menorca\/","title":{"rendered":"El PSOE Menorca celebra que el Govern d&#8217;Espanya transfereixi 4 milions d&#8217;euros extraordinaris al Consell i 5 milions d&#8217;euros als ajuntaments de Menorca"},"content":{"rendered":"<div class=\"wpb-content-wrapper\">[vc_row el_class=&#8221;img_noticia&#8221;][vc_column][vc_single_image image=&#8221;26627&#8243; img_size=&#8221;full&#8221;][\/vc_column][\/vc_row][vc_row el_class=&#8221;intro&#8221;][vc_column][vc_column_text]Pepe Mercadal insta a Consell i ajuntaments a aprofitar els recursos que transfereix l&#8217;Estat per refor\u00e7ar els serveis p\u00fablics i exigeix al PP que deixi de retallar els impostos als m\u00e9s rics[\/vc_column_text][\/vc_column][\/vc_row][vc_row][vc_column width=&#8221;1\/2&#8243;][vc_column_text]El PSOE Menorca celebra que el Govern d&#8217;Espanya, liderat pel PSOE, aquest estiu hagi ingressat a les administracions locals recursos extraordinaris, derivats de la recaptaci\u00f3 de 2022. Aix\u00ed, el Ministeri d&#8217;Hisenda ha transferit 4 milions d&#8217;euros al Consell Insular de Menorca, set vegades m\u00e9s del que va rebre l\u2019any passat pel mateix concepte.<\/p>\n<p>Aquests ingressos corresponen a la liquidaci\u00f3 de la seva Participaci\u00f3 en els Tributs de l&#8217;Estat (PTE) de l&#8217;any 2022, que ha resultat ser molt superior a anys anteriors gr\u00e0cies a la r\u00e0pida recuperaci\u00f3 econ\u00f2mica de la crisi de la Covid-19. L\u2019any 2022 el consum, els salaris, les pensions i els beneficis empresarials van creixer molt m\u00e9s del previst.<span class=\"Apple-converted-space\">\u00a0<\/span><\/p>\n<p>El Govern de Pedro S\u00e1nchez ha aconseguit transferir els diners gr\u00e0cies a l&#8217;aprovaci\u00f3 dels Reals Decrets Llei 8\/2023 i 4\/2024, que han incorporat la normativa necess\u00e0ria per fer possible l&#8217;actualitzaci\u00f3 d&#8217;entregues tot i tenir el pressupost prorrogat. En aquest punt \u00e9s important insistir en el fet que el Congr\u00e9s va tirar endavant ambd\u00f3s decrets per majoria sense comptar amb el vot del PP.<span class=\"Apple-converted-space\">\u00a0<\/span><\/p>\n<p>A m\u00e9s del Consell de Menorca, aquesta actualitzaci\u00f3 tamb\u00e9 afecta i beneficia els 8 ajuntaments de l&#8217;illa. Comparant amb els 640.585,17\u20ac que van rebre en total el 2023 per la liquidaci\u00f3 del 2021, aquest any les quanties s&#8217;incrementen de forma significativa. El 2024, els consistoris han rebut un total de 5.226.181,46\u20ac, el que suposa 8 vegades m\u00e9s del que van rebre l&#8217;any passat.<span class=\"Apple-converted-space\">\u00a0<\/span>[\/vc_column_text][\/vc_column][vc_column width=&#8221;1\/2&#8243;][vc_column_text]El diputat socialista en el Congr\u00e9s, Pepe Mercadal, ha destacat que &#8220;aquests ingressos son una prova clara que Espanya es va recuperar de la crisi de la Covid 19 molt m\u00e9s r\u00e0pid del que s&#8217;esperava gr\u00e0cies a una pol\u00edtica econ\u00f2mica que va intervenir en el mercat i va protegir les empreses i els treballadors i treballadores. Una vegada m\u00e9s, S\u00e1nchez aprofita la bona situaci\u00f3 econ\u00f2mica del pa\u00eds per a repartir els beneficis a totes les administracions amb l&#8217;objectiu de refor\u00e7ar els serveis p\u00fablics&#8221;.<span class=\"Apple-converted-space\">\u00a0<\/span><\/p>\n<p>Per \u00faltim, Mercadal ha criticat el populisme fiscal i la incoher\u00e8ncia del PP, que \u201ca Palma retalla els recursos de la Comunitat Aut\u00f2noma i dels Consells eliminant els imposts als m\u00e9s rics, a Menorca demana m\u00e9s diners a Madrid, per\u00f2 al Congr\u00e9s vota en contra de que arribin m\u00e9s recursos.\u201d En aquest cas, \u201csi fos pel PP, el Consell avui no comptaria amb aquests 4M\u20ac ni els ajuntaments amb els 5M\u20ac de m\u00e9s. Una mostra m\u00e9s que, per al PP, tenir uns bons serveis p\u00fablics no \u00e9s una prioritat \u2013 per al PSOE, s\u00ed&#8221;.[\/vc_column_text][\/vc_column][\/vc_row]\n<\/div>","protected":false},"excerpt":{"rendered":"<p>[vc_row el_class=&#8221;img_noticia&#8221;][vc_column][vc_single_image image=&#8221;26627&#8243; img_size=&#8221;full&#8221;][\/vc_column][\/vc_row][vc_row el_class=&#8221;intro&#8221;][vc_column][vc_column_text]Pepe Mercadal insta a Consell i ajuntaments a aprofitar els recursos que transfereix l&#8217;Estat per refor\u00e7ar els serveis p\u00fablics i exigeix al PP que deixi de retallar els impostos als m\u00e9s rics[\/vc_column_text][\/vc_column][\/vc_row][vc_row][vc_column width=&#8221;1\/2&#8243;][vc_column_text]El PSOE Menorca celebra que el Govern d&#8217;Espanya, liderat pel PSOE, aquest estiu hagi ingressat a les administracions locals&hellip;<\/p>\n","protected":false},"author":6,"featured_media":26627,"comment_status":"open","ping_status":"open","sticky":false,"template":"","format":"standard","meta":{"footnotes":""},"categories":[2,1,92],"tags":[],"class_list":["post-26743","post","type-post","status-publish","format-standard","has-post-thumbnail","hentry","category-federacio-de-menorca","category-federacio-de-menorca-portada","category-portada"],"_links":{"self":[{"href":"https:\/\/www.psib-psoe.org\/menorca\/wp-json\/wp\/v2\/posts\/26743"}],"collection":[{"href":"https:\/\/www.psib-psoe.org\/menorca\/wp-json\/wp\/v2\/posts"}],"about":[{"href":"https:\/\/www.psib-psoe.org\/menorca\/wp-json\/wp\/v2\/types\/post"}],"author":[{"embeddable":true,"href":"https:\/\/www.psib-psoe.org\/menorca\/wp-json\/wp\/v2\/users\/6"}],"replies":[{"embeddable":true,"href":"https:\/\/www.psib-psoe.org\/menorca\/wp-json\/wp\/v2\/comments?post=26743"}],"version-history":[{"count":0,"href":"https:\/\/www.psib-psoe.org\/menorca\/wp-json\/wp\/v2\/posts\/26743\/revisions"}],"wp:featuredmedia":[{"embeddable":true,"href":"https:\/\/www.psib-psoe.org\/menorca\/wp-json\/wp\/v2\/media\/26627"}],"wp:attachment":[{"href":"https:\/\/www.psib-psoe.org\/menorca\/wp-json\/wp\/v2\/media?parent=26743"}],"wp:term":[{"taxonomy":"category","embeddable":true,"href":"https:\/\/www.psib-psoe.org\/menorca\/wp-json\/wp\/v2\/categories?post=26743"},{"taxonomy":"post_tag","embeddable":true,"href":"https:\/\/www.psib-psoe.org\/menorca\/wp-json\/wp\/v2\/tags?post=26743"}],"curies":[{"name":"wp","href":"https:\/\/api.w.org\/{rel}","templated":true}]}}