{"id":26757,"date":"2024-10-02T17:49:42","date_gmt":"2024-10-02T15:49:42","guid":{"rendered":"https:\/\/www.psib-psoe.org\/menorca\/?p=26757"},"modified":"2024-10-02T17:49:42","modified_gmt":"2024-10-02T15:49:42","slug":"el-psoe-menorca-adverteix-que-si-el-pp-vota-en-contra-de-la-senda-de-deficit-pot-posar-en-risc-recursos-extraordinaris-per-a-menorca","status":"publish","type":"post","link":"https:\/\/www.psib-psoe.org\/menorca\/el-psoe-menorca-adverteix-que-si-el-pp-vota-en-contra-de-la-senda-de-deficit-pot-posar-en-risc-recursos-extraordinaris-per-a-menorca\/","title":{"rendered":"El PSOE Menorca adverteix que si el PP vota en contra de la senda de d\u00e8ficit pot posar en risc recursos extraordinaris per a Menorca"},"content":{"rendered":"<div class=\"wpb-content-wrapper\">[vc_row el_class=&#8221;img_noticia&#8221;][vc_column][vc_single_image image=&#8221;26433&#8243; img_size=&#8221;full&#8221;][\/vc_column][\/vc_row][vc_row el_class=&#8221;intro&#8221;][vc_column][vc_column_text]Projectes com Sa Tanca a Sant Llu\u00eds, la rehabilitaci\u00f3 del Teatro Sal\u00f3n as Castell o la remodelaci\u00f3 de la pla\u00e7a Espanya a Ferreries es podrien finan\u00e7ar amb els recursos extraordinaris que el PP vol vetar en el Congr\u00e9s[\/vc_column_text][\/vc_column][\/vc_row][vc_row][vc_column width=&#8221;1\/2&#8243;][vc_column_text]El PSOE Menorca adverteix que si finalment el Partit Popular decideix votar en contra dels objectius d&#8217;estabilitat pressupost\u00e0ria en el Congr\u00e9s dels Diputats, estaria negant als ajuntaments de Menorca comptar amb m\u00e9s fons en dos anys (2025 i 2026). Resulta incoherent, en aquest sentit, la postura dels populars, ja que amb el seu rebuig estarien perjudicant administracions que ells mateixos governen, com pot ser a Sant Llu\u00eds, Es Castell, Ferreries o Es Mercadal.<\/p>\n<p>Per exemple, per a l&#8217;Ajuntament de Sant Llu\u00eds, aprovar la senda de d\u00e8ficit suposaria poder invertir 745.422\u20ac m\u00e9s en els anys 2025 i 2026, per\u00f2 cal reiterar que si el PP vota en contra, posaria en risc aquests recursos que es podrien aprofitar, entre d&#8217;altres projectes, per recuperar i impulsar Sa Tanca.<\/p>\n<p>Succeeix el mateix amb l&#8217;Ajuntament des Castell i el de Ferreries, els quals deixarien d&#8217;invertir 477.541\u20ac i 402.456\u20ac, respectivament. Amb aquests recursos, Es Castell tindria m\u00e9s marge per projectes com les millores al poliesportiu o la reforma del Teatro Sal\u00f3n, i Ferreries podria finan\u00e7ar la remodelaci\u00f3 de la Pla\u00e7a Espanya, per exemple.<span class=\"Apple-converted-space\">\u00a0<\/span>[\/vc_column_text][\/vc_column][vc_column width=&#8221;1\/2&#8243;][vc_column_text]Pel que fa a l&#8217;Ajuntament des Mercadal, la irresponsabilitat del PP \u00e9s encara m\u00e9s greu ja que, despr\u00e9s dels efectes de la DANA, el municipi necessita tots els recursos possibles. Si el PP vot\u00e9s a favor de la senda de d\u00e9ficit, Es Mercadal podria invertir 633.338\u20ac m\u00e9s el 2025 i el 2026. De fet, Es Mercadal, ara mateix, no es pot permetre malgastar diners i l\u2019Entesa ho hauria de fer saber als seus socis de coalici\u00f3.<span class=\"Apple-converted-space\">\u00a0<\/span><\/p>\n<p>Cal recordar que aquests recursos es podrien destinar a projectes pendents, a refor\u00e7ar els serveis p\u00fablics o a habitatge p\u00fablic. I el vot en contra del Partit Popular al Congr\u00e9s els pot posar en risc, una mostra m\u00e9s del seu populisme fiscal: mentre des de Menorca demanen m\u00e9s diners a l\u2019Estat, al Congr\u00e9s voten en contra que arribin.[\/vc_column_text][\/vc_column][\/vc_row]\n<\/div>","protected":false},"excerpt":{"rendered":"<p>[vc_row el_class=&#8221;img_noticia&#8221;][vc_column][vc_single_image image=&#8221;26433&#8243; img_size=&#8221;full&#8221;][\/vc_column][\/vc_row][vc_row el_class=&#8221;intro&#8221;][vc_column][vc_column_text]Projectes com Sa Tanca a Sant Llu\u00eds, la rehabilitaci\u00f3 del Teatro Sal\u00f3n as Castell o la remodelaci\u00f3 de la pla\u00e7a Espanya a Ferreries es podrien finan\u00e7ar amb els recursos extraordinaris que el PP vol vetar en el Congr\u00e9s[\/vc_column_text][\/vc_column][\/vc_row][vc_row][vc_column width=&#8221;1\/2&#8243;][vc_column_text]El PSOE Menorca adverteix que si finalment el Partit Popular decideix votar en&hellip;<\/p>\n","protected":false},"author":6,"featured_media":26433,"comment_status":"open","ping_status":"open","sticky":false,"template":"","format":"standard","meta":{"footnotes":""},"categories":[2,1,92],"tags":[],"class_list":["post-26757","post","type-post","status-publish","format-standard","has-post-thumbnail","hentry","category-federacio-de-menorca","category-federacio-de-menorca-portada","category-portada"],"_links":{"self":[{"href":"https:\/\/www.psib-psoe.org\/menorca\/wp-json\/wp\/v2\/posts\/26757"}],"collection":[{"href":"https:\/\/www.psib-psoe.org\/menorca\/wp-json\/wp\/v2\/posts"}],"about":[{"href":"https:\/\/www.psib-psoe.org\/menorca\/wp-json\/wp\/v2\/types\/post"}],"author":[{"embeddable":true,"href":"https:\/\/www.psib-psoe.org\/menorca\/wp-json\/wp\/v2\/users\/6"}],"replies":[{"embeddable":true,"href":"https:\/\/www.psib-psoe.org\/menorca\/wp-json\/wp\/v2\/comments?post=26757"}],"version-history":[{"count":0,"href":"https:\/\/www.psib-psoe.org\/menorca\/wp-json\/wp\/v2\/posts\/26757\/revisions"}],"wp:featuredmedia":[{"embeddable":true,"href":"https:\/\/www.psib-psoe.org\/menorca\/wp-json\/wp\/v2\/media\/26433"}],"wp:attachment":[{"href":"https:\/\/www.psib-psoe.org\/menorca\/wp-json\/wp\/v2\/media?parent=26757"}],"wp:term":[{"taxonomy":"category","embeddable":true,"href":"https:\/\/www.psib-psoe.org\/menorca\/wp-json\/wp\/v2\/categories?post=26757"},{"taxonomy":"post_tag","embeddable":true,"href":"https:\/\/www.psib-psoe.org\/menorca\/wp-json\/wp\/v2\/tags?post=26757"}],"curies":[{"name":"wp","href":"https:\/\/api.w.org\/{rel}","templated":true}]}}