{"id":26829,"date":"2024-12-11T17:18:19","date_gmt":"2024-12-11T15:18:19","guid":{"rendered":"https:\/\/www.psib-psoe.org\/menorca\/?p=26829"},"modified":"2024-12-11T17:18:21","modified_gmt":"2024-12-11T15:18:21","slug":"el-psoe-menorca-denuncia-la-situacio-dinestabilitat-politica-a-les-illes-balears-i-demana-a-vilafranca-que-refaci-els-comptes-insulars","status":"publish","type":"post","link":"https:\/\/www.psib-psoe.org\/menorca\/el-psoe-menorca-denuncia-la-situacio-dinestabilitat-politica-a-les-illes-balears-i-demana-a-vilafranca-que-refaci-els-comptes-insulars\/","title":{"rendered":"El PSOE Menorca den\u00fancia la situaci\u00f3 d&#8217;inestabilitat pol\u00edtica a les Illes Balears i demana a Vilafranca que refaci els comptes insulars"},"content":{"rendered":"\n<figure class=\"wp-block-image size-large\"><img loading=\"lazy\" decoding=\"async\" width=\"1024\" height=\"683\" src=\"https:\/\/www.psib-psoe.org\/menorca\/wp-content\/uploads\/Pastrana-i-Torrent-1024x683.jpg\" alt=\"\" class=\"wp-image-26830\" srcset=\"https:\/\/www.psib-psoe.org\/menorca\/wp-content\/uploads\/Pastrana-i-Torrent-1024x683.jpg 1024w, https:\/\/www.psib-psoe.org\/menorca\/wp-content\/uploads\/Pastrana-i-Torrent-300x200.jpg 300w, https:\/\/www.psib-psoe.org\/menorca\/wp-content\/uploads\/Pastrana-i-Torrent-768x512.jpg 768w, https:\/\/www.psib-psoe.org\/menorca\/wp-content\/uploads\/Pastrana-i-Torrent-1536x1024.jpg 1536w, https:\/\/www.psib-psoe.org\/menorca\/wp-content\/uploads\/Pastrana-i-Torrent-2048x1365.jpg 2048w, https:\/\/www.psib-psoe.org\/menorca\/wp-content\/uploads\/Pastrana-i-Torrent-150x100.jpg 150w, https:\/\/www.psib-psoe.org\/menorca\/wp-content\/uploads\/Pastrana-i-Torrent-600x400.jpg 600w, https:\/\/www.psib-psoe.org\/menorca\/wp-content\/uploads\/Pastrana-i-Torrent-900x600.jpg 900w, https:\/\/www.psib-psoe.org\/menorca\/wp-content\/uploads\/Pastrana-i-Torrent-20x13.jpg 20w\" sizes=\"(max-width: 1024px) 100vw, 1024px\" \/><\/figure>\n\n\n\n<p><strong>El partit recorda que amb la retirada dels pressupostos de la Comunitat Aut\u00f2noma per a 2025, tamb\u00e9 cauen els insulars i els ingressos que en depenen<\/strong><\/p>\n\n\n\n<p>Davant la situaci\u00f3 d&#8217;inestabilitat pol\u00edtica en el Govern de les Illes Balears a causa de la retirada dels pressupostos de la Comunitat Aut\u00f2noma per a 2025, el PSOE Menorca exigeix al president del Consell de Menorca, Adolfo Vilafranca, que refaci de forma immediata l&#8217;avantprojecte dels comptes insulars, ja que, si no ho fa, haur\u00e0 de tornar a prorrogar-los un any m\u00e9s. Cal recordar que amb la caiguda dels comptes auton\u00f2mics, tamb\u00e9 cauen els insulars i els ingressos que en depenen, com la transfer\u00e8ncia de capital que \u00e9s de gaireb\u00e9 50 milions d&#8217;euros.<\/p>\n\n\n\n<p>Aquestes dades demostren que l&#8217;afectaci\u00f3 del pressupost de 2025 de la Comunitat Aut\u00f2noma podria haver arribat als prop de 120 milions d&#8217;euros sobre un total de 181,6M\u20ac. Aix\u00f2 suposa que el pressupost del Consell havia d&#8217;estar finan\u00e7at en dues terceres parts pel del Govern de les Illes Balears i que, amb la seva retirada, resulta impossible mantenir el projecte de pressupostos de la instituci\u00f3 insular. Per tant, el PSOE Menorca reitera la seva petici\u00f3 al president Vilafranca que comenci de nou el proc\u00e9s de negociaci\u00f3 dels comptes i que els pacti amb la resta de grups si vol garantir-ne la seva aprovaci\u00f3.<\/p>\n\n\n\n<p>Aquesta realitat mereix ser contrastada amb el tarann\u00e0 de l&#8217;anterior equip de govern liderat pel PSOE, el qual governava amb pacte juntament amb M\u00e9s per Menorca i Podem. Durant els 6 anys de mandat, la presidenta del Consell, Susana Mora, va aconseguir tirar endavant i, en conseq\u00fc\u00e8ncia, aprovar 6 pressupostos gr\u00e0cies al seu comprom\u00eds dialogant amb la resta de grups. Per contra, Vilafranca \u00e9s incapa\u00e7 de cercar l&#8217;\u00fanic acord que necessita, el de Vox, ni d&#8217;intentar cercar el consens amb els grups de l&#8217;oposici\u00f3 per tal de garantir l&#8217;aprovaci\u00f3.<\/p>\n\n\n\n<p>A m\u00e9s, el partit recrimina que amb aquesta manera de fer pol\u00edtica, el Partit Popular est\u00e0 tirant al fems els 4 anys de mandat. Un mandat que hauria de ser clau, entre d&#8217;altres, per refor\u00e7ar l&#8217;economia menorquina; per transformar el turisme perqu\u00e8 sigui m\u00e9s sostenible; per construir m\u00e9s habitatge p\u00fablic; per adaptar l&#8217;illa al canvi clim\u00e0tic i per continuar avan\u00e7ant en la transici\u00f3 escol\u00f2gic. En lloc d&#8217;aprofitar el mandat en aquest sentit, l&#8217;est\u00e0 perdent per la seva obsessi\u00f3 en no negociar i en no saber escoltar les necessitats de Menorca.<\/p>\n\n\n\n<p>Per tant, el PSOE Menorca recorda que tant el Consell de Menorca com el del Govern de les Illes Balears no han estat mai millor governats que sota el lideratge del PSOE. Van ser governs m\u00e9s responsables, transparents, seriosos i estables que els actuals i, a m\u00e9s, s&#8217;implicaven en les pol\u00edtiques que milloraven de veritat la vida de la gent. No podem permetre que la inacci\u00f3 i incapacitat de negociar del PP a les institucions condueixi a una nova pr\u00f2rroga, perpetuant la par\u00e0lisi de la gesti\u00f3 p\u00fablica i afectant directament les necessitats dels menorquins i menorquines.<\/p>\n","protected":false},"excerpt":{"rendered":"<p>El partit recorda que amb la retirada dels pressupostos de la Comunitat Aut\u00f2noma per a 2025, tamb\u00e9 cauen els insulars i els ingressos que en depenen Davant la situaci\u00f3 d&#8217;inestabilitat pol\u00edtica en el Govern de les Illes Balears a causa de la retirada dels pressupostos de la Comunitat Aut\u00f2noma per a 2025, el PSOE Menorca&hellip;<\/p>\n","protected":false},"author":6,"featured_media":26830,"comment_status":"closed","ping_status":"closed","sticky":false,"template":"","format":"standard","meta":{"footnotes":""},"categories":[2,1,92],"tags":[],"class_list":["post-26829","post","type-post","status-publish","format-standard","has-post-thumbnail","hentry","category-federacio-de-menorca","category-federacio-de-menorca-portada","category-portada"],"_links":{"self":[{"href":"https:\/\/www.psib-psoe.org\/menorca\/wp-json\/wp\/v2\/posts\/26829"}],"collection":[{"href":"https:\/\/www.psib-psoe.org\/menorca\/wp-json\/wp\/v2\/posts"}],"about":[{"href":"https:\/\/www.psib-psoe.org\/menorca\/wp-json\/wp\/v2\/types\/post"}],"author":[{"embeddable":true,"href":"https:\/\/www.psib-psoe.org\/menorca\/wp-json\/wp\/v2\/users\/6"}],"replies":[{"embeddable":true,"href":"https:\/\/www.psib-psoe.org\/menorca\/wp-json\/wp\/v2\/comments?post=26829"}],"version-history":[{"count":1,"href":"https:\/\/www.psib-psoe.org\/menorca\/wp-json\/wp\/v2\/posts\/26829\/revisions"}],"predecessor-version":[{"id":26831,"href":"https:\/\/www.psib-psoe.org\/menorca\/wp-json\/wp\/v2\/posts\/26829\/revisions\/26831"}],"wp:featuredmedia":[{"embeddable":true,"href":"https:\/\/www.psib-psoe.org\/menorca\/wp-json\/wp\/v2\/media\/26830"}],"wp:attachment":[{"href":"https:\/\/www.psib-psoe.org\/menorca\/wp-json\/wp\/v2\/media?parent=26829"}],"wp:term":[{"taxonomy":"category","embeddable":true,"href":"https:\/\/www.psib-psoe.org\/menorca\/wp-json\/wp\/v2\/categories?post=26829"},{"taxonomy":"post_tag","embeddable":true,"href":"https:\/\/www.psib-psoe.org\/menorca\/wp-json\/wp\/v2\/tags?post=26829"}],"curies":[{"name":"wp","href":"https:\/\/api.w.org\/{rel}","templated":true}]}}