{"id":26851,"date":"2025-01-23T13:05:29","date_gmt":"2025-01-23T11:05:29","guid":{"rendered":"https:\/\/www.psib-psoe.org\/menorca\/?p=26851"},"modified":"2025-01-23T13:06:06","modified_gmt":"2025-01-23T11:06:06","slug":"pepe-mercadal-exigim-al-partit-popular-que-expliqui-publicament-quines-son-les-mesures-socials-que-justifiquen-el-seu-vot-contrari","status":"publish","type":"post","link":"https:\/\/www.psib-psoe.org\/menorca\/pepe-mercadal-exigim-al-partit-popular-que-expliqui-publicament-quines-son-les-mesures-socials-que-justifiquen-el-seu-vot-contrari\/","title":{"rendered":"Pepe Mercadal: &#8220;Exigim al Partit Popular que expliqui p\u00fablicament quines s\u00f3n les mesures socials que justifiquen el seu vot contrari&#8221;"},"content":{"rendered":"\n<figure class=\"wp-block-image size-large\"><img loading=\"lazy\" decoding=\"async\" width=\"1024\" height=\"683\" src=\"https:\/\/www.psib-psoe.org\/menorca\/wp-content\/uploads\/Mercadal-Mora-Carbonero-1024x683.jpg\" alt=\"\" class=\"wp-image-26852\" srcset=\"https:\/\/www.psib-psoe.org\/menorca\/wp-content\/uploads\/Mercadal-Mora-Carbonero-1024x683.jpg 1024w, https:\/\/www.psib-psoe.org\/menorca\/wp-content\/uploads\/Mercadal-Mora-Carbonero-300x200.jpg 300w, https:\/\/www.psib-psoe.org\/menorca\/wp-content\/uploads\/Mercadal-Mora-Carbonero-768x512.jpg 768w, https:\/\/www.psib-psoe.org\/menorca\/wp-content\/uploads\/Mercadal-Mora-Carbonero-1536x1024.jpg 1536w, https:\/\/www.psib-psoe.org\/menorca\/wp-content\/uploads\/Mercadal-Mora-Carbonero-2048x1365.jpg 2048w, https:\/\/www.psib-psoe.org\/menorca\/wp-content\/uploads\/Mercadal-Mora-Carbonero-150x100.jpg 150w, https:\/\/www.psib-psoe.org\/menorca\/wp-content\/uploads\/Mercadal-Mora-Carbonero-600x400.jpg 600w, https:\/\/www.psib-psoe.org\/menorca\/wp-content\/uploads\/Mercadal-Mora-Carbonero-900x600.jpg 900w, https:\/\/www.psib-psoe.org\/menorca\/wp-content\/uploads\/Mercadal-Mora-Carbonero-20x13.jpg 20w\" sizes=\"(max-width: 1024px) 100vw, 1024px\" \/><\/figure>\n\n\n\n<p>El vot en contra de Vox i Junts, de la m\u00e0 de PP, ha provocat la caiguda d&#8217;un decret que contenia un paquest de mesures socials importants per a la vida de la gent. El diputat socialista en el Congr\u00e9s dels Diputats, Pepe Mercadal, ha exigit al Partit Popular de Menorca i de les Illes Balears &#8220;que expliquin a la ciutadania quines mesures d&#8217;aquest decret hi estan en contra&#8221;. El socialista ha recordat que el PP ha votat en contra de d&#8217;apujar les pensions, de l&#8217;ingr\u00e9s m\u00ednim vital, del bo social, de les ajudes que ofereix l&#8217;Estat al transport p\u00fablic, a mesures en mat\u00e8ria d&#8217;habitatge i de reduccions fiscals.<\/p>\n\n\n\n<p>&#8220;Aquest rebuig i menyspreu constant del PP nom\u00e9s t\u00e9 una justificaci\u00f3 possible: viu en una bombolla dins de la qual creu que si vota en contra d&#8217;aquestes iniciatives genera m\u00e9s inestabilitat al Govern d&#8217;Espanya. La realitat, per\u00f2, \u00e9s que amb aquesta actitud no perd el Govern, sin\u00f3 la gent&#8221;. Davant d&#8217;aquesta greu irresponsabilitat, el Partit Socialista ha fet feina &#8220;perqu\u00e8 les pensions s&#8217;apugin, el transport p\u00fablic sigui gratu\u00eft i que el banc no pugui treure a ning\u00fa de ca seva&#8221;.&nbsp;<\/p>\n\n\n\n<p>Mercadal ha criticat que &#8220;mentre el Partit Popular a Madrid es pensa que el Congr\u00e9s dels Diputats \u00e9s un circ i l&#8217;empra per escenificar els seus discursos apocal\u00edptics sobre Espanya, els diputats socialistes hi anam per aprovar mesures que milloren les condicions de vida de la gent&#8221;. Per tant, &#8220;exigim tant al PP de Menorca com de les Illes Balears que expliquin p\u00fablicament quines s\u00f3n les mesures que justifiquen un vot en contra com aquest&#8221;.&nbsp;<\/p>\n\n\n\n<p>Per part seva, la portaveu del PSOE al Consell de Menorca, Susana Mora, s&#8217;ha afegit a les paraules de Mercadal i ha aterrat a l&#8217;illa la situaci\u00f3 que es va viure ahir en el Congr\u00e9s. &#8220;Quan Vilafranca ha presentat propostes per exigir al Govern d&#8217;Espanya mesures que s\u00f3n fonamentals per al conjunt de la ciutadania, el PSOE ha votat a favor. Vilafranca ha d&#8217;exigir a Feij\u00f3o la mateixa rigorositat amb la qual exigeix al govern estatal, i demanam que si hi ha mesures que beneficien els ciutadans i ciutadanes deixi de banda el seu inter\u00e8s partidista i les voti a favor. O \u00e9s que sempre dependr\u00e0 de Madrid?&#8221;.&nbsp;<\/p>\n","protected":false},"excerpt":{"rendered":"<p>El vot en contra de Vox i Junts, de la m\u00e0 de PP, ha provocat la caiguda d&#8217;un decret que contenia un paquest de mesures socials importants per a la vida de la gent. El diputat socialista en el Congr\u00e9s dels Diputats, Pepe Mercadal, ha exigit al Partit Popular de Menorca i de les Illes&hellip;<\/p>\n","protected":false},"author":6,"featured_media":26852,"comment_status":"closed","ping_status":"closed","sticky":false,"template":"","format":"standard","meta":{"footnotes":""},"categories":[2,1,92],"tags":[],"class_list":["post-26851","post","type-post","status-publish","format-standard","has-post-thumbnail","hentry","category-federacio-de-menorca","category-federacio-de-menorca-portada","category-portada"],"_links":{"self":[{"href":"https:\/\/www.psib-psoe.org\/menorca\/wp-json\/wp\/v2\/posts\/26851"}],"collection":[{"href":"https:\/\/www.psib-psoe.org\/menorca\/wp-json\/wp\/v2\/posts"}],"about":[{"href":"https:\/\/www.psib-psoe.org\/menorca\/wp-json\/wp\/v2\/types\/post"}],"author":[{"embeddable":true,"href":"https:\/\/www.psib-psoe.org\/menorca\/wp-json\/wp\/v2\/users\/6"}],"replies":[{"embeddable":true,"href":"https:\/\/www.psib-psoe.org\/menorca\/wp-json\/wp\/v2\/comments?post=26851"}],"version-history":[{"count":1,"href":"https:\/\/www.psib-psoe.org\/menorca\/wp-json\/wp\/v2\/posts\/26851\/revisions"}],"predecessor-version":[{"id":26853,"href":"https:\/\/www.psib-psoe.org\/menorca\/wp-json\/wp\/v2\/posts\/26851\/revisions\/26853"}],"wp:featuredmedia":[{"embeddable":true,"href":"https:\/\/www.psib-psoe.org\/menorca\/wp-json\/wp\/v2\/media\/26852"}],"wp:attachment":[{"href":"https:\/\/www.psib-psoe.org\/menorca\/wp-json\/wp\/v2\/media?parent=26851"}],"wp:term":[{"taxonomy":"category","embeddable":true,"href":"https:\/\/www.psib-psoe.org\/menorca\/wp-json\/wp\/v2\/categories?post=26851"},{"taxonomy":"post_tag","embeddable":true,"href":"https:\/\/www.psib-psoe.org\/menorca\/wp-json\/wp\/v2\/tags?post=26851"}],"curies":[{"name":"wp","href":"https:\/\/api.w.org\/{rel}","templated":true}]}}