{"id":26860,"date":"2025-01-31T11:17:00","date_gmt":"2025-01-31T09:17:00","guid":{"rendered":"https:\/\/www.psib-psoe.org\/menorca\/?p=26860"},"modified":"2025-02-03T11:20:08","modified_gmt":"2025-02-03T09:20:08","slug":"omnibus-per-pepe-mercadal","status":"publish","type":"post","link":"https:\/\/www.psib-psoe.org\/menorca\/omnibus-per-pepe-mercadal\/","title":{"rendered":"\u00d2mnibus, per Pepe Mercadal"},"content":{"rendered":"\n<figure class=\"wp-block-image size-large\"><img loading=\"lazy\" decoding=\"async\" width=\"1024\" height=\"683\" src=\"http:\/\/www.psib-psoe.org\/menorca\/wp-content\/uploads\/Pepe-Mercadal-Congres-1-1024x683.jpg\" alt=\"\" class=\"wp-image-26858\" srcset=\"https:\/\/www.psib-psoe.org\/menorca\/wp-content\/uploads\/Pepe-Mercadal-Congres-1-1024x683.jpg 1024w, https:\/\/www.psib-psoe.org\/menorca\/wp-content\/uploads\/Pepe-Mercadal-Congres-1-300x200.jpg 300w, https:\/\/www.psib-psoe.org\/menorca\/wp-content\/uploads\/Pepe-Mercadal-Congres-1-768x512.jpg 768w, https:\/\/www.psib-psoe.org\/menorca\/wp-content\/uploads\/Pepe-Mercadal-Congres-1-1536x1024.jpg 1536w, https:\/\/www.psib-psoe.org\/menorca\/wp-content\/uploads\/Pepe-Mercadal-Congres-1-2048x1365.jpg 2048w, https:\/\/www.psib-psoe.org\/menorca\/wp-content\/uploads\/Pepe-Mercadal-Congres-1-150x100.jpg 150w, https:\/\/www.psib-psoe.org\/menorca\/wp-content\/uploads\/Pepe-Mercadal-Congres-1-600x400.jpg 600w, https:\/\/www.psib-psoe.org\/menorca\/wp-content\/uploads\/Pepe-Mercadal-Congres-1-900x600.jpg 900w, https:\/\/www.psib-psoe.org\/menorca\/wp-content\/uploads\/Pepe-Mercadal-Congres-1-20x13.jpg 20w\" sizes=\"(max-width: 1024px) 100vw, 1024px\" \/><\/figure>\n\n\n\n<p>Una vegada analitzat el nou decret, hi ha bones not\u00edcies per la ciutadania i moltes<br>preguntes pel PP. Comen\u00e7am per les bones not\u00edcies.<br>Com preveia el decret original, les pensions pujaran un 2,8%. Aquesta pujada ja<br>est\u00e0 en vigor aix\u00ed que els 17.000 pensionistes de Menorca, que el mes de gener ja<br>han vist l\u2019increment, el mantindran el mes de febrer i la resta de mesos de l\u2019any.<br>Es mant\u00e9 el Bo Social, que a les Illes Balears reben 23.000 persones i que permet<br>una rebaixa del 50% en la factura de la llum per fam\u00edlies vulnerables.<br>El Govern d\u2019Espanya paga la gratu\u00eftat del transport p\u00fablic. El bus a Menorca<br>continuar\u00e0 essent gratu\u00eft fins final d\u2019any. El que demanam al Consell Insular \u00e9s<br>que es comprometi a finan\u00e7ar-ho a partir del 2026, ja que, despr\u00e9s que el PP<br>derogu\u00e9s el decret la setmana passada, el Govern balear i el Consell van sortir a<br>correcuita dient que ells ho finan\u00e7arien. \u00c9s a dir, van demostrar, contradient el que<br>ells mateixos havien dit fa uns mesos, que ho podien pagar. A\u00e7\u00f2 \u00e9s el que hem<br>reclamat sempre des del PSOE Menorca: \u00e9s una compet\u00e8ncia insular i ho ha de<br>finan\u00e7ar el govern insular, perqu\u00e8 el Govern d\u2019Espanya no ho pagar\u00e0 per sempre.<br>En mat\u00e8ria d\u2019habitatge, es mant\u00e9 la suspensi\u00f3 als desnonaments a fam\u00edlies<br>vulnerables. Aquesta mesura es complementa amb una nova mesura que no hi<br>era a l\u2019anterior decret: una l\u00ednia d\u2019avals per inquilins i propietaris, que garantir\u00e0 el<br>cobrament del lloguer. A\u00e7\u00f2 \u00e9s una mesura que va anunciar el president del Govern<br>fa unes setmanes i que es preveia aprovar en els mesos vinents. Finalment,<br>s\u2019afegeix en aquest Decret per aconseguir el suport de m\u00e9s grups parlamentaris.<br>\u00c9s a dir, la bona not\u00edcia \u00e9s que es mant\u00e9 l\u2019escut social i gran part del decret<br>original, un decret amb mesures positives per la gent i, per tant, pel pa\u00eds.<br>Quan miram qu\u00e8 cau del decret \u00e9s quan ens preguntam per qu\u00e8 el PP no va votar<br>a favor en un primer moment i, ara que s\u2019eliminen aquestes mesures, s\u00ed que votar\u00e0<br>a favor.<br>Cauen mesures contra el blanqueig de capitals. \u00c9s que el PP est\u00e0 en contra de<br>lluitar contra el blanqueig de capitals?<br>Cauen deduccions fiscals per a la compra de cotxes el\u00e8ctrics, per a la instal\u00b7laci\u00f3<br>d\u2019energies renovables a la teva empresa o per obres que millorin l\u2019efici\u00e8ncia<br>energ\u00e8tica de casa teva. \u00c9s que el PP est\u00e0 en contra d\u2019aquestes deduccions que<br>incentiven la transici\u00f3 energ\u00e8tica?<\/p>\n\n\n\n<p>Cau la transfer\u00e8ncia d\u2019immobles de l\u2019Estat a l\u2019Entitat Estatal del S\u00f2l (SEPES), per<br>fer-hi habitatge p\u00fablic. \u00c9s que el PP no vol que facem habitatge p\u00fablic en aquells<br>edificis que t\u00e9 l\u2019Estat?<br>Cauen articles que preveien un important finan\u00e7ament per les comunitats<br>aut\u00f2nomes, per exemple la liquidaci\u00f3 de 2023 de la Participaci\u00f3 en els Tributs de<br>l\u2019Estat o l\u2019actualitzaci\u00f3 d\u2019entregues a compte. \u00c9s que el PP, que governa la majoria<br>d\u2019autonomies, Balears inclosa, no vol m\u00e9s finan\u00e7ament per pagar, per exemple la<br>Sanitat o l\u2019Educaci\u00f3?<br>Quins interessos defensava el PP votant contra aquestes mesures? Per qu\u00e8 ara<br>que aquestes mesures no hi s\u00f3n, s\u00ed que votar\u00e0 a favor? Qu\u00e8 defensa, els<br>interessos dels defraudadors fiscals i de les ind\u00fastries del petroli?<br>Aquestes mesures que ara cauen, a nosaltres ens semblen necess\u00e0ries i esperam<br>recuperar-les prest en un nou Decret. Per\u00f2 el PP ha d\u2019explicar per qu\u00e8 no les vol.<br>I, per cert, la cessi\u00f3 de l\u2019edifici de Par\u00eds al PNB, aquella mesura que tant va criticar<br>el PP, continua dins el Decret, concretament a l\u2019Article 83. A nosaltres ens sembla<br>un acte de mem\u00f2ria democr\u00e0tica, perqu\u00e8 es tracta d\u2019un edifici comprat per<br>militants del PNB el 1936, requisat per la Gestapo el 1940 i regalat al r\u00e8gim<br>franquista uns anys despr\u00e9s. Per\u00f2 el PP ho va emprar com la principal excusa per<br>justificar el seu vot en contra. Tot i aix\u00f2, ara sembla que ja no li sembla tan<br>malament.<br>Totes aquestes contradiccions del PP nom\u00e9s tenen una explicaci\u00f3: han muntat un<br>circ, un teatre que no els hi ha sortit b\u00e9. El Govern ha recuperat el Decret, ha<br>recuperat les mesures m\u00e9s importants i ha restablert aliances parlament\u00e0ries.<br>Com que ara el vot en contra del PP seria insignificant (ja no bloquejaria res),<br>votaran a favor. Per\u00f2 que ning\u00fa oblidi que el PP va estar disposat a bloquejar la<br>pujada de les pensions o la gratu\u00eftat del transport p\u00fablic per muntar un espectacle<br>pol\u00edtic.<\/p>\n","protected":false},"excerpt":{"rendered":"<p>Una vegada analitzat el nou decret, hi ha bones not\u00edcies per la ciutadania i moltespreguntes pel PP. Comen\u00e7am per les bones not\u00edcies.Com preveia el decret original, les pensions pujaran un 2,8%. Aquesta pujada jaest\u00e0 en vigor aix\u00ed que els 17.000 pensionistes de Menorca, que el mes de gener jahan vist l\u2019increment, el mantindran el mes&hellip;<\/p>\n","protected":false},"author":6,"featured_media":26858,"comment_status":"closed","ping_status":"closed","sticky":false,"template":"","format":"standard","meta":{"footnotes":""},"categories":[2,1,92],"tags":[],"class_list":["post-26860","post","type-post","status-publish","format-standard","has-post-thumbnail","hentry","category-federacio-de-menorca","category-federacio-de-menorca-portada","category-portada"],"_links":{"self":[{"href":"https:\/\/www.psib-psoe.org\/menorca\/wp-json\/wp\/v2\/posts\/26860"}],"collection":[{"href":"https:\/\/www.psib-psoe.org\/menorca\/wp-json\/wp\/v2\/posts"}],"about":[{"href":"https:\/\/www.psib-psoe.org\/menorca\/wp-json\/wp\/v2\/types\/post"}],"author":[{"embeddable":true,"href":"https:\/\/www.psib-psoe.org\/menorca\/wp-json\/wp\/v2\/users\/6"}],"replies":[{"embeddable":true,"href":"https:\/\/www.psib-psoe.org\/menorca\/wp-json\/wp\/v2\/comments?post=26860"}],"version-history":[{"count":1,"href":"https:\/\/www.psib-psoe.org\/menorca\/wp-json\/wp\/v2\/posts\/26860\/revisions"}],"predecessor-version":[{"id":26861,"href":"https:\/\/www.psib-psoe.org\/menorca\/wp-json\/wp\/v2\/posts\/26860\/revisions\/26861"}],"wp:featuredmedia":[{"embeddable":true,"href":"https:\/\/www.psib-psoe.org\/menorca\/wp-json\/wp\/v2\/media\/26858"}],"wp:attachment":[{"href":"https:\/\/www.psib-psoe.org\/menorca\/wp-json\/wp\/v2\/media?parent=26860"}],"wp:term":[{"taxonomy":"category","embeddable":true,"href":"https:\/\/www.psib-psoe.org\/menorca\/wp-json\/wp\/v2\/categories?post=26860"},{"taxonomy":"post_tag","embeddable":true,"href":"https:\/\/www.psib-psoe.org\/menorca\/wp-json\/wp\/v2\/tags?post=26860"}],"curies":[{"name":"wp","href":"https:\/\/api.w.org\/{rel}","templated":true}]}}