{"id":26875,"date":"2025-02-18T11:34:48","date_gmt":"2025-02-18T09:34:48","guid":{"rendered":"https:\/\/www.psib-psoe.org\/menorca\/?p=26875"},"modified":"2025-03-07T10:50:36","modified_gmt":"2025-03-07T08:50:36","slug":"el-psoe-menorca-veu-amb-bons-ulls-que-el-mes-dabril-operi-en-regim-de-lliure-mercat-en-la-ruta-menorca-madrid","status":"publish","type":"post","link":"https:\/\/www.psib-psoe.org\/menorca\/el-psoe-menorca-veu-amb-bons-ulls-que-el-mes-dabril-operi-en-regim-de-lliure-mercat-en-la-ruta-menorca-madrid\/","title":{"rendered":"El PSOE Menorca veu amb bons ulls que el mes d&#8217;abril operi en r\u00e8gim de lliure mercat en la ruta Menorca-Madrid"},"content":{"rendered":"<div class=\"wp-block-image\">\n<figure class=\"alignright size-large is-resized\"><img loading=\"lazy\" decoding=\"async\" width=\"683\" height=\"1024\" src=\"https:\/\/www.psib-psoe.org\/menorca\/wp-content\/uploads\/Mercadal-al-Congres-683x1024.jpg\" alt=\"\" class=\"wp-image-26876\" style=\"width:194px;height:auto\" srcset=\"https:\/\/www.psib-psoe.org\/menorca\/wp-content\/uploads\/Mercadal-al-Congres-683x1024.jpg 683w, https:\/\/www.psib-psoe.org\/menorca\/wp-content\/uploads\/Mercadal-al-Congres-200x300.jpg 200w, https:\/\/www.psib-psoe.org\/menorca\/wp-content\/uploads\/Mercadal-al-Congres-768x1151.jpg 768w, https:\/\/www.psib-psoe.org\/menorca\/wp-content\/uploads\/Mercadal-al-Congres-1025x1536.jpg 1025w, https:\/\/www.psib-psoe.org\/menorca\/wp-content\/uploads\/Mercadal-al-Congres-300x450.jpg 300w, https:\/\/www.psib-psoe.org\/menorca\/wp-content\/uploads\/Mercadal-al-Congres-150x225.jpg 150w, https:\/\/www.psib-psoe.org\/menorca\/wp-content\/uploads\/Mercadal-al-Congres-600x900.jpg 600w, https:\/\/www.psib-psoe.org\/menorca\/wp-content\/uploads\/Mercadal-al-Congres-900x1349.jpg 900w, https:\/\/www.psib-psoe.org\/menorca\/wp-content\/uploads\/Mercadal-al-Congres-20x30.jpg 20w, https:\/\/www.psib-psoe.org\/menorca\/wp-content\/uploads\/Mercadal-al-Congres.jpg 1366w\" sizes=\"(max-width: 683px) 100vw, 683px\" \/><\/figure><\/div>\n\n\n<p>El PSOE Menorca veu amb bons ulls que, a partir de 2026, el mes d\u2019abril deixi d&#8217;operar amb el mecanisme d&#8217;OSP en la ruta a\u00e8ria entre Menorca i Madrid i ho faci en r\u00e8gim de lliure mercat. Aquesta decisi\u00f3, avalada pel Ministeri de Transports i proposada al Govern de les Illes Balears, suposar\u00e0 una millora en la connectivitat de l\u2019illa en un mes en qu\u00e8 la demanda tur\u00edstica comen\u00e7a a ser alta.<\/p>\n\n\n\n<p>Cal recordar que des de 2012, els mesos de novembre a abril han estat coberts per la f\u00f3rmula d\u2019OSP, un mecanisme amb el qual el Govern d\u2019Espanya garanteix la prestaci\u00f3 del servei en rutes amb menor demanda. No obstant aix\u00f2, la situaci\u00f3 ha canviat de forma significativa en els darrers anys, i el PSOE Menorca defensa que ja no \u00e9s necessari que el mes d\u2019abril continu\u00ef dins aquest r\u00e8gim i passi al lliure mercat.&nbsp;<\/p>\n\n\n\n<p>Aquesta canvi permetr\u00e0 que el mes d\u2019abril es benefici\u00ef de la compet\u00e8ncia entre aerol\u00ednies, afavorint una oferta m\u00e9s \u00e0mplia i flexible per als usuaris i usu\u00e0ries. De fet, la mesura s\u2019adapta a la realitat tur\u00edstica de l\u2019illa, ja que la temporada alta cada vegada comen\u00e7a m\u00e9s prest i la demanda de vols durant aquest per\u00edode \u00e9s m\u00e9s elevada.<\/p>\n\n\n\n<p>A trav\u00e9s del diputat Pepe Mercadal, el PSOE Menorca ha fet feina en aquesta iniciativa durant els darrers mesos, estudiant-ne la viabilitat i defensant la seva aplicaci\u00f3 per a 2026. El socialista ha afirmat que \u201cesteim conven\u00e7uts que aquesta mesura facilitar\u00e0 l&#8217;entrada de m\u00e9s aerol\u00ednies i, en conseq\u00fc\u00e8ncia, oferir\u00e0 m\u00e9s opcions i millors preus per als menorquins i menorquines i visitants&#8221;.&nbsp;<\/p>\n","protected":false},"excerpt":{"rendered":"<p>El PSOE Menorca veu amb bons ulls que, a partir de 2026, el mes d\u2019abril deixi d&#8217;operar amb el mecanisme d&#8217;OSP en la ruta a\u00e8ria entre Menorca i Madrid i ho faci en r\u00e8gim de lliure mercat. Aquesta decisi\u00f3, avalada pel Ministeri de Transports i proposada al Govern de les Illes Balears, suposar\u00e0 una millora&hellip;<\/p>\n","protected":false},"author":6,"featured_media":26876,"comment_status":"closed","ping_status":"closed","sticky":false,"template":"","format":"standard","meta":{"footnotes":""},"categories":[2,1,92],"tags":[],"class_list":["post-26875","post","type-post","status-publish","format-standard","has-post-thumbnail","hentry","category-federacio-de-menorca","category-federacio-de-menorca-portada","category-portada"],"_links":{"self":[{"href":"https:\/\/www.psib-psoe.org\/menorca\/wp-json\/wp\/v2\/posts\/26875"}],"collection":[{"href":"https:\/\/www.psib-psoe.org\/menorca\/wp-json\/wp\/v2\/posts"}],"about":[{"href":"https:\/\/www.psib-psoe.org\/menorca\/wp-json\/wp\/v2\/types\/post"}],"author":[{"embeddable":true,"href":"https:\/\/www.psib-psoe.org\/menorca\/wp-json\/wp\/v2\/users\/6"}],"replies":[{"embeddable":true,"href":"https:\/\/www.psib-psoe.org\/menorca\/wp-json\/wp\/v2\/comments?post=26875"}],"version-history":[{"count":2,"href":"https:\/\/www.psib-psoe.org\/menorca\/wp-json\/wp\/v2\/posts\/26875\/revisions"}],"predecessor-version":[{"id":26895,"href":"https:\/\/www.psib-psoe.org\/menorca\/wp-json\/wp\/v2\/posts\/26875\/revisions\/26895"}],"wp:featuredmedia":[{"embeddable":true,"href":"https:\/\/www.psib-psoe.org\/menorca\/wp-json\/wp\/v2\/media\/26876"}],"wp:attachment":[{"href":"https:\/\/www.psib-psoe.org\/menorca\/wp-json\/wp\/v2\/media?parent=26875"}],"wp:term":[{"taxonomy":"category","embeddable":true,"href":"https:\/\/www.psib-psoe.org\/menorca\/wp-json\/wp\/v2\/categories?post=26875"},{"taxonomy":"post_tag","embeddable":true,"href":"https:\/\/www.psib-psoe.org\/menorca\/wp-json\/wp\/v2\/tags?post=26875"}],"curies":[{"name":"wp","href":"https:\/\/api.w.org\/{rel}","templated":true}]}}