{"id":26879,"date":"2025-02-19T11:33:07","date_gmt":"2025-02-19T09:33:07","guid":{"rendered":"https:\/\/www.psib-psoe.org\/menorca\/?p=26879"},"modified":"2025-02-19T11:33:08","modified_gmt":"2025-02-19T09:33:08","slug":"pepe-mercadal-denuncia-al-congres-que-el-govern-de-prohens-no-ha-iniciat-ni-una-sola-promocio-dhabitatge-public","status":"publish","type":"post","link":"https:\/\/www.psib-psoe.org\/menorca\/pepe-mercadal-denuncia-al-congres-que-el-govern-de-prohens-no-ha-iniciat-ni-una-sola-promocio-dhabitatge-public\/","title":{"rendered":"Pepe Mercadal denuncia al Congr\u00e9s que el Govern de Prohens \u201cno ha iniciat ni una sola promoci\u00f3 d\u2019habitatge p\u00fablic\u201d"},"content":{"rendered":"\n<figure class=\"wp-block-image size-large\"><img loading=\"lazy\" decoding=\"async\" width=\"1024\" height=\"731\" src=\"http:\/\/www.psib-psoe.org\/menorca\/wp-content\/uploads\/53559705865_4e64986ef3_o-1024x731.jpg\" alt=\"\" class=\"wp-image-26627\" srcset=\"https:\/\/www.psib-psoe.org\/menorca\/wp-content\/uploads\/53559705865_4e64986ef3_o-1024x731.jpg 1024w, https:\/\/www.psib-psoe.org\/menorca\/wp-content\/uploads\/53559705865_4e64986ef3_o-300x214.jpg 300w, https:\/\/www.psib-psoe.org\/menorca\/wp-content\/uploads\/53559705865_4e64986ef3_o-768x549.jpg 768w, https:\/\/www.psib-psoe.org\/menorca\/wp-content\/uploads\/53559705865_4e64986ef3_o-1536x1097.jpg 1536w, https:\/\/www.psib-psoe.org\/menorca\/wp-content\/uploads\/53559705865_4e64986ef3_o-2048x1463.jpg 2048w, https:\/\/www.psib-psoe.org\/menorca\/wp-content\/uploads\/53559705865_4e64986ef3_o-150x107.jpg 150w, https:\/\/www.psib-psoe.org\/menorca\/wp-content\/uploads\/53559705865_4e64986ef3_o-600x429.jpg 600w, https:\/\/www.psib-psoe.org\/menorca\/wp-content\/uploads\/53559705865_4e64986ef3_o-900x643.jpg 900w, https:\/\/www.psib-psoe.org\/menorca\/wp-content\/uploads\/53559705865_4e64986ef3_o-20x13.jpg 20w\" sizes=\"(max-width: 1024px) 100vw, 1024px\" \/><\/figure>\n\n\n\n<p>El diputat del PSIB-PSOE al Congr\u00e9s, Pepe Mercadal, has defensat que el Partit Socialista \u00e9s un aliat en la lluita per l\u2019habitatge digne. D\u2019aquesta manera, mentre el Govern d\u2019Espanya va aprovar una llei d\u2019habitatge que t\u00e9 efectes positius a Catalunya, a les Illes Balears \u201cdes del 2015 al 2023 gaireb\u00e9 vam doblar el nombre d\u2019habitatges p\u00fablics de lloguer que s\u2019havien constru\u00eft en les tres d\u00e8cades anteriors\u201d.&nbsp;<\/p>\n\n\n\n<p>Aix\u00f2 implica, segons Mercadal, que \u201cquasi la meitat dels habitatges p\u00fablics de lloguer a les Illes Balears s\u2019han constru\u00eft o projectat amb el Govern de Francina Armengol i el PSIB-PSOE a les Illes\u201d. Un ritme d\u2019execuci\u00f3 que \u201cvoldr\u00edem veure en totes les legislatures i que fins i tot fos m\u00e9s alt\u201d.&nbsp;<\/p>\n\n\n\n<p>Si fos aix\u00ed, el 2035 m\u00e9s del 15% de l\u2019oferta de lloguer a la nostra comunitat aut\u00f2noma seria d\u2019habitatge p\u00fablic, per\u00f2 \u201cdes del 2023 el ritme de creixement \u00e9s zero\u201d.&nbsp;<\/p>\n\n\n\n<p>Davant la implicaci\u00f3 de l\u2019esquerra en resoldre el que \u00e9s el principal problema de la ciutadania, el diputat socialista ha advertit que \u201cdes que governa el PP a les Balears, no s\u2019ha iniciat ni una promoci\u00f3 d\u2019habitatge p\u00fablic, mentre que tampoc apliquen la llei d\u2019habitatge estatal tenint en compte que 47 de 67 municipis de les illes s\u00f3n zones tensades, per la qual cosa no hi ha excusa que valgui per aplicar aquesta llei\u201d.&nbsp;<\/p>\n\n\n\n<p>Com a mostra de la greu crisi de l\u2019habitatge que pateixen les illes, Mercadal ha exemplificat, a trav\u00e9s de l\u2019\u00edndex de preus, com a Ma\u00f3, per un pis de 90m2 s\u2019haurien de pagar entre 400 i 650 euros i s\u2019ofereix a 1.200 euros, mentre que a Palma, un estudi de 65 m2, s\u2019hauria de llogar per entre 430 i 650 euros i s\u2019ofereix per 1.500 euros.&nbsp;<\/p>\n\n\n\n<p>\u201cSi el PP no bloqueg\u00e9s la llei d\u2019habitatge, veur\u00edem com en tots aquests municipis el preu del lloguer es cont\u00e9, com veim a Catalunya i com veurem prest a Euskadi, Navarra o Ast\u00faries\u201d.&nbsp;<\/p>\n\n\n\n<p>La conclusi\u00f3, per Mercadal, \u00e9s que \u201cla crisi de l\u2019habitatge \u00e9s un repte hist\u00f2ric i l\u2019\u00fanica manera de fer-li front amb \u00e8xit \u00e9s des de l\u2019esquerra\u201d.&nbsp;<\/p>\n\n\n\n<p>Al capdavant, ha lamentat el socialista, \u201ctenim un neoliberalisme sense rumb, que avui s\u2019associa amb terraplanistes, negacionistes, antivacunes i que tenen una cosa en com\u00fa: ambd\u00f3s cerquen arrasar amb els serveis p\u00fablics i amb les inversions en habitatge p\u00fablic\u201d. Enfront d\u2019aix\u00f2, Mercadal ha apostat perqu\u00e8 l\u2019esquerra \u201ccerqui solucions i desemmascari les intencions reals del PP i Vox, que en habitatge \u00e9s desregular per tornar al pelotazo\u201d.<\/p>\n","protected":false},"excerpt":{"rendered":"<p>El diputat del PSIB-PSOE al Congr\u00e9s, Pepe Mercadal, has defensat que el Partit Socialista \u00e9s un aliat en la lluita per l\u2019habitatge digne. D\u2019aquesta manera, mentre el Govern d\u2019Espanya va aprovar una llei d\u2019habitatge que t\u00e9 efectes positius a Catalunya, a les Illes Balears \u201cdes del 2015 al 2023 gaireb\u00e9 vam doblar el nombre d\u2019habitatges&hellip;<\/p>\n","protected":false},"author":6,"featured_media":26627,"comment_status":"closed","ping_status":"closed","sticky":false,"template":"","format":"standard","meta":{"footnotes":""},"categories":[2,1,92],"tags":[],"class_list":["post-26879","post","type-post","status-publish","format-standard","has-post-thumbnail","hentry","category-federacio-de-menorca","category-federacio-de-menorca-portada","category-portada"],"_links":{"self":[{"href":"https:\/\/www.psib-psoe.org\/menorca\/wp-json\/wp\/v2\/posts\/26879"}],"collection":[{"href":"https:\/\/www.psib-psoe.org\/menorca\/wp-json\/wp\/v2\/posts"}],"about":[{"href":"https:\/\/www.psib-psoe.org\/menorca\/wp-json\/wp\/v2\/types\/post"}],"author":[{"embeddable":true,"href":"https:\/\/www.psib-psoe.org\/menorca\/wp-json\/wp\/v2\/users\/6"}],"replies":[{"embeddable":true,"href":"https:\/\/www.psib-psoe.org\/menorca\/wp-json\/wp\/v2\/comments?post=26879"}],"version-history":[{"count":1,"href":"https:\/\/www.psib-psoe.org\/menorca\/wp-json\/wp\/v2\/posts\/26879\/revisions"}],"predecessor-version":[{"id":26880,"href":"https:\/\/www.psib-psoe.org\/menorca\/wp-json\/wp\/v2\/posts\/26879\/revisions\/26880"}],"wp:featuredmedia":[{"embeddable":true,"href":"https:\/\/www.psib-psoe.org\/menorca\/wp-json\/wp\/v2\/media\/26627"}],"wp:attachment":[{"href":"https:\/\/www.psib-psoe.org\/menorca\/wp-json\/wp\/v2\/media?parent=26879"}],"wp:term":[{"taxonomy":"category","embeddable":true,"href":"https:\/\/www.psib-psoe.org\/menorca\/wp-json\/wp\/v2\/categories?post=26879"},{"taxonomy":"post_tag","embeddable":true,"href":"https:\/\/www.psib-psoe.org\/menorca\/wp-json\/wp\/v2\/tags?post=26879"}],"curies":[{"name":"wp","href":"https:\/\/api.w.org\/{rel}","templated":true}]}}