{"id":26955,"date":"2025-05-14T12:09:23","date_gmt":"2025-05-14T10:09:23","guid":{"rendered":"https:\/\/www.psib-psoe.org\/menorca\/?p=26955"},"modified":"2025-05-14T12:38:18","modified_gmt":"2025-05-14T10:38:18","slug":"el-psoe-menorca-exigeix-a-vilafranca-que-expliqui-publicament-la-seva-posicio-respecte-la-privatitzacio-dels-pantalans-2-i-3-del-moll-de-llevant","status":"publish","type":"post","link":"https:\/\/www.psib-psoe.org\/menorca\/el-psoe-menorca-exigeix-a-vilafranca-que-expliqui-publicament-la-seva-posicio-respecte-la-privatitzacio-dels-pantalans-2-i-3-del-moll-de-llevant\/","title":{"rendered":"El PSOE Menorca exigeix a Vilafranca que expliqui p\u00fablicament la seva posici\u00f3 respecte la privatitzaci\u00f3 dels pantalans 2 i 3 del Moll de Ponent"},"content":{"rendered":"\n<p>Davant la decisi\u00f3 d&#8217;Autoritat Portu\u00e0ria de privatitzar els pantalans 2 i 3 al Moll de Ponent, al Port de Ma\u00f3, el PSOE Menorca vol recordar que l&#8217;Ajuntament de Ma\u00f3, conjuntament amb el Consell Municipal de Port, van aprovar una petici\u00f3 formal adre\u00e7ada a l&#8217;APB en qu\u00e8 es demanava el manteniment tots els amarraments sota gesti\u00f3 directe de l&#8217;ens portuari. Aquesta petici\u00f3 tenia l&#8217;objectiu de garantir una gesti\u00f3 p\u00fablica i accessible d&#8217;aquests espais, evitant-ne la privatitzaci\u00f3 i preservant el seu \u00fas p\u00fablic.\u00a0<\/p>\n\n\n\n<p>Malgrat aquesta petici\u00f3 institucional, l&#8217;APB l&#8217;ha ignorada i ha tirat endavant amb la seva intenci\u00f3 de privatitzar els pantalans 2 i 3 ubicats en aquesta zona estrat\u00e8gia del port. En aquest context, el PSOE Menorca exigeix explicacions p\u00fabliques al representant de Menorca al Consell d&#8217;Administraci\u00f3 d&#8217;Autoritat Portu\u00e0ria, Adolfo Vilafranca. El partit reclama que faci p\u00fablic quina va ser la seva posici\u00f3 i el seu sentit de vot durant la reuni\u00f3 mantinguda en qu\u00e8 es va prende aquesta decisi\u00f3.&nbsp;<\/p>\n\n\n\n<p>Si es confirma que Vilafranca va donar suport a la mesura i que, per tant, va ser part\u00edcip de la decisi\u00f3, el PSOE Menorca l&#8217;acusa de ser un dels responsables que ha facilitat la pritatitzaci\u00f3 dels pantalans 2 i 3 i d&#8217;haver-se alineat, per tant, amb els interessos privats per damunt dels interessos dels ciutadans i ciutadanes. En aquest sentit, el PSOE Menorca presentar\u00e0 una pregunta per escrit al Consell de Menorca per con\u00e8ixer-ne les respostes.&nbsp;<\/p>\n\n\n\n<p>A m\u00e9s, cal tenir en compte que Vilafranca no ha participat en cap dels dos Consells Municipals de Port celebrat fins ara, \u00f2rgan de participaci\u00f3 de l&#8217;Ajuntament en aquesta q\u00fcesti\u00f3. Aix\u00ed, el PSOE vol con\u00e8ixer quin ha estat el seguiment que Vilafranca ha fet de les concessions i dels expedients relacionats amb el Port. A m\u00e9s, el partit dona suport a les peticions traslladades per part de l&#8217;Associaci\u00f3 d&#8217;Usuaris d&#8217;Amarraments, liderada per Antoni Barber, i recorda que durant l&#8217;anterior mandat, quan l&#8217;Ajuntament de Ma\u00f3 formava part d&#8217;aquest Consell i amb Xisco Antich al capdavant de l&#8217;APB, es va aconseguir aturar una proposta similar que pretenia incloure el pantal\u00e0 del Moll de Jonquet dins una concessi\u00f3 m\u00e9s \u00e0mplia.&nbsp;<\/p>\n","protected":false},"excerpt":{"rendered":"<p>Davant la decisi\u00f3 d&#8217;Autoritat Portu\u00e0ria de privatitzar els pantalans 2 i 3 al Moll de Ponent, al Port de Ma\u00f3, el PSOE Menorca vol recordar que l&#8217;Ajuntament de Ma\u00f3, conjuntament amb el Consell Municipal de Port, van aprovar una petici\u00f3 formal adre\u00e7ada a l&#8217;APB en qu\u00e8 es demanava el manteniment tots els amarraments sota gesti\u00f3&hellip;<\/p>\n","protected":false},"author":6,"featured_media":0,"comment_status":"closed","ping_status":"closed","sticky":false,"template":"","format":"standard","meta":{"footnotes":""},"categories":[2,1,92],"tags":[],"class_list":["post-26955","post","type-post","status-publish","format-standard","hentry","category-federacio-de-menorca","category-federacio-de-menorca-portada","category-portada"],"_links":{"self":[{"href":"https:\/\/www.psib-psoe.org\/menorca\/wp-json\/wp\/v2\/posts\/26955"}],"collection":[{"href":"https:\/\/www.psib-psoe.org\/menorca\/wp-json\/wp\/v2\/posts"}],"about":[{"href":"https:\/\/www.psib-psoe.org\/menorca\/wp-json\/wp\/v2\/types\/post"}],"author":[{"embeddable":true,"href":"https:\/\/www.psib-psoe.org\/menorca\/wp-json\/wp\/v2\/users\/6"}],"replies":[{"embeddable":true,"href":"https:\/\/www.psib-psoe.org\/menorca\/wp-json\/wp\/v2\/comments?post=26955"}],"version-history":[{"count":2,"href":"https:\/\/www.psib-psoe.org\/menorca\/wp-json\/wp\/v2\/posts\/26955\/revisions"}],"predecessor-version":[{"id":26958,"href":"https:\/\/www.psib-psoe.org\/menorca\/wp-json\/wp\/v2\/posts\/26955\/revisions\/26958"}],"wp:attachment":[{"href":"https:\/\/www.psib-psoe.org\/menorca\/wp-json\/wp\/v2\/media?parent=26955"}],"wp:term":[{"taxonomy":"category","embeddable":true,"href":"https:\/\/www.psib-psoe.org\/menorca\/wp-json\/wp\/v2\/categories?post=26955"},{"taxonomy":"post_tag","embeddable":true,"href":"https:\/\/www.psib-psoe.org\/menorca\/wp-json\/wp\/v2\/tags?post=26955"}],"curies":[{"name":"wp","href":"https:\/\/api.w.org\/{rel}","templated":true}]}}