{"id":26959,"date":"2025-05-16T09:02:00","date_gmt":"2025-05-16T07:02:00","guid":{"rendered":"https:\/\/www.psib-psoe.org\/menorca\/?p=26959"},"modified":"2025-05-16T09:02:13","modified_gmt":"2025-05-16T07:02:13","slug":"pepe-mercadal-la-meitat-dels-treballadors-i-treballadores-de-menorca-es-veuran-beneficiats-per-la-reduccio-de-la-jornada-laboral","status":"publish","type":"post","link":"https:\/\/www.psib-psoe.org\/menorca\/pepe-mercadal-la-meitat-dels-treballadors-i-treballadores-de-menorca-es-veuran-beneficiats-per-la-reduccio-de-la-jornada-laboral\/","title":{"rendered":"Pepe Mercadal: &#8220;La meitat dels treballadors i treballadores de Menorca es veuran beneficiats per la reducci\u00f3 de la jornada laboral&#8221;"},"content":{"rendered":"<div class=\"wp-block-image\">\n<figure class=\"alignright size-large is-resized\"><img loading=\"lazy\" decoding=\"async\" width=\"731\" height=\"1024\" src=\"https:\/\/www.psib-psoe.org\/menorca\/wp-content\/uploads\/a3773e48-3cbc-47ab-b27c-55a39eeb9a74-731x1024.jpeg\" alt=\"\" class=\"wp-image-26960\" style=\"width:228px;height:auto\" srcset=\"https:\/\/www.psib-psoe.org\/menorca\/wp-content\/uploads\/a3773e48-3cbc-47ab-b27c-55a39eeb9a74-731x1024.jpeg 731w, https:\/\/www.psib-psoe.org\/menorca\/wp-content\/uploads\/a3773e48-3cbc-47ab-b27c-55a39eeb9a74-214x300.jpeg 214w, https:\/\/www.psib-psoe.org\/menorca\/wp-content\/uploads\/a3773e48-3cbc-47ab-b27c-55a39eeb9a74-768x1075.jpeg 768w, https:\/\/www.psib-psoe.org\/menorca\/wp-content\/uploads\/a3773e48-3cbc-47ab-b27c-55a39eeb9a74-300x420.jpeg 300w, https:\/\/www.psib-psoe.org\/menorca\/wp-content\/uploads\/a3773e48-3cbc-47ab-b27c-55a39eeb9a74-150x210.jpeg 150w, https:\/\/www.psib-psoe.org\/menorca\/wp-content\/uploads\/a3773e48-3cbc-47ab-b27c-55a39eeb9a74-600x840.jpeg 600w, https:\/\/www.psib-psoe.org\/menorca\/wp-content\/uploads\/a3773e48-3cbc-47ab-b27c-55a39eeb9a74-20x28.jpeg 20w, https:\/\/www.psib-psoe.org\/menorca\/wp-content\/uploads\/a3773e48-3cbc-47ab-b27c-55a39eeb9a74.jpeg 900w\" sizes=\"(max-width: 731px) 100vw, 731px\" \/><\/figure><\/div>\n\n\n<p>El secretari general del PSOE Menorca, Pepe Mercadal, ha participat en la cloenda del Congr\u00e9s de la Federaci\u00f3 de Serveis, Mobilitat i Consum d&#8217;UGT a Menorca, i ha aprofitat la seva intervenci\u00f3 per recordar que &#8220;PSOE i UGT som organitzacions germanes. El nostre partit va n\u00e9ixer fa 146 anys per defensar els drets dels treballadors i tots els avan\u00e7os socials que hem aconseguit han estat fites conjuntes amb UGT. Espanya i Menorca son avui molt diferents a fa 146 anys, aix\u00ed com s\u00f3n tamb\u00e9 son millors les condicions laborals&#8221;. A m\u00e9s, ha fet \u00e8mfasi en la import\u00e0ncia d\u2019aprovar la reducci\u00f3 de la jornada laboral de 40 a 37,5 hores setmanals.<\/p>\n\n\n\n<p>Mercadal ha destacat que aquesta mesura &#8220;beneficiar\u00e0 prop de la meitat dels treballadors i treballadores de Menorca segons les dades del Ministeri de Treball&#8221; i ha recordat que les economies m\u00e9s robustes d\u2019Europa funcionen amb jornades laborals m\u00e9s redu\u00efdes. \u201cNoltros tamb\u00e9 ho podem fer. El creixement econ\u00f2mic no ha de servir nom\u00e9s per incrementar els beneficis d&#8217;una minoria, sin\u00f3 per millorar la qualitat de vida de tots i totes\u201d, ha remarcat.<\/p>\n\n\n\n<p>El secretari general ha criticat que el Partit Popular s\u2019oposi a aquesta reforma, tot i que molts dels seus votants tamb\u00e9 en sortirien beneficiats. \u201cNo \u00e9s una reducci\u00f3 dr\u00e0stica. Dr\u00e0stic \u00e9s impedir que tothom es pugui beneficiar del bon moment econ\u00f2mic d\u2019Espanya, deixant que l&#8217;habitatge descontrolat i bloquejant la reducci\u00f3 de la jornada laboral o millores salarias. A\u00e7\u00f2 \u00e9s una posici\u00f3 dr\u00e0stica, egoista i poc intel\u00b7ligent\u201d, ha afirmat.<\/p>\n\n\n\n<p>Per altra banda, &#8220;el conveni d&#8217;hosteleria que s&#8217;est\u00e0 negociant ara mateix a Balears ha d&#8217;incloure la pujada salarial que demanen els sindicats. Una pujada salarial que beneficiaria unes 12.000 persones a Menorca. No s&#8217;entendria, per tant, que no fos aix\u00ed amb la situaci\u00f3 de crisi d&#8217;habitatge que patim&#8221;.&nbsp;<\/p>\n\n\n\n<p>Mercadal ha convidat tothom a continuar lluitant pels drets dels treballadors i treballadores de Menorca i a participar m\u00e9s en el PSOE Menorca. &#8220;Perqu\u00e8 si som organitzacions germanes, hem de fer m\u00e9s feina junts i heu de venir a reivindicar els drets laborals tamb\u00e9 dins del PSOE. Les nostres portes estan obertes i us hi esperam&#8221;, ha concl\u00f2s el socialista.&nbsp;<\/p>\n","protected":false},"excerpt":{"rendered":"<p>El secretari general del PSOE Menorca, Pepe Mercadal, ha participat en la cloenda del Congr\u00e9s de la Federaci\u00f3 de Serveis, Mobilitat i Consum d&#8217;UGT a Menorca, i ha aprofitat la seva intervenci\u00f3 per recordar que &#8220;PSOE i UGT som organitzacions germanes. El nostre partit va n\u00e9ixer fa 146 anys per defensar els drets dels treballadors&hellip;<\/p>\n","protected":false},"author":6,"featured_media":26960,"comment_status":"closed","ping_status":"closed","sticky":false,"template":"","format":"standard","meta":{"footnotes":""},"categories":[2,1,92],"tags":[],"class_list":["post-26959","post","type-post","status-publish","format-standard","has-post-thumbnail","hentry","category-federacio-de-menorca","category-federacio-de-menorca-portada","category-portada"],"_links":{"self":[{"href":"https:\/\/www.psib-psoe.org\/menorca\/wp-json\/wp\/v2\/posts\/26959"}],"collection":[{"href":"https:\/\/www.psib-psoe.org\/menorca\/wp-json\/wp\/v2\/posts"}],"about":[{"href":"https:\/\/www.psib-psoe.org\/menorca\/wp-json\/wp\/v2\/types\/post"}],"author":[{"embeddable":true,"href":"https:\/\/www.psib-psoe.org\/menorca\/wp-json\/wp\/v2\/users\/6"}],"replies":[{"embeddable":true,"href":"https:\/\/www.psib-psoe.org\/menorca\/wp-json\/wp\/v2\/comments?post=26959"}],"version-history":[{"count":1,"href":"https:\/\/www.psib-psoe.org\/menorca\/wp-json\/wp\/v2\/posts\/26959\/revisions"}],"predecessor-version":[{"id":26961,"href":"https:\/\/www.psib-psoe.org\/menorca\/wp-json\/wp\/v2\/posts\/26959\/revisions\/26961"}],"wp:featuredmedia":[{"embeddable":true,"href":"https:\/\/www.psib-psoe.org\/menorca\/wp-json\/wp\/v2\/media\/26960"}],"wp:attachment":[{"href":"https:\/\/www.psib-psoe.org\/menorca\/wp-json\/wp\/v2\/media?parent=26959"}],"wp:term":[{"taxonomy":"category","embeddable":true,"href":"https:\/\/www.psib-psoe.org\/menorca\/wp-json\/wp\/v2\/categories?post=26959"},{"taxonomy":"post_tag","embeddable":true,"href":"https:\/\/www.psib-psoe.org\/menorca\/wp-json\/wp\/v2\/tags?post=26959"}],"curies":[{"name":"wp","href":"https:\/\/api.w.org\/{rel}","templated":true}]}}