{"id":26969,"date":"2025-05-20T11:38:25","date_gmt":"2025-05-20T09:38:25","guid":{"rendered":"https:\/\/www.psib-psoe.org\/menorca\/?p=26969"},"modified":"2025-05-20T11:38:37","modified_gmt":"2025-05-20T09:38:37","slug":"pilar-carbonero-denuncia-al-parlament-la-inaccio-del-conseller-lafuente-i-la-privatitzacio-encoberta-del-litoral-balear","status":"publish","type":"post","link":"https:\/\/www.psib-psoe.org\/menorca\/pilar-carbonero-denuncia-al-parlament-la-inaccio-del-conseller-lafuente-i-la-privatitzacio-encoberta-del-litoral-balear\/","title":{"rendered":"Pilar Carbonero denuncia al Parlament la inacci\u00f3 del conseller Lafuente i la privatitzaci\u00f3 encoberta del litoral balear"},"content":{"rendered":"\n<figure class=\"wp-block-gallery has-nested-images columns-default is-cropped wp-block-gallery-1 is-layout-flex wp-block-gallery-is-layout-flex\">\n<figure class=\"wp-block-image size-large\"><img loading=\"lazy\" decoding=\"async\" width=\"800\" height=\"536\" data-id=\"26970\" src=\"https:\/\/www.psib-psoe.org\/menorca\/wp-content\/uploads\/Captura-de-pantalla-2025-05-20-a-les-11.37.12.png\" alt=\"\" class=\"wp-image-26970\" srcset=\"https:\/\/www.psib-psoe.org\/menorca\/wp-content\/uploads\/Captura-de-pantalla-2025-05-20-a-les-11.37.12.png 800w, https:\/\/www.psib-psoe.org\/menorca\/wp-content\/uploads\/Captura-de-pantalla-2025-05-20-a-les-11.37.12-300x200.png 300w, https:\/\/www.psib-psoe.org\/menorca\/wp-content\/uploads\/Captura-de-pantalla-2025-05-20-a-les-11.37.12-768x515.png 768w, https:\/\/www.psib-psoe.org\/menorca\/wp-content\/uploads\/Captura-de-pantalla-2025-05-20-a-les-11.37.12-150x101.png 150w, https:\/\/www.psib-psoe.org\/menorca\/wp-content\/uploads\/Captura-de-pantalla-2025-05-20-a-les-11.37.12-600x402.png 600w, https:\/\/www.psib-psoe.org\/menorca\/wp-content\/uploads\/Captura-de-pantalla-2025-05-20-a-les-11.37.12-20x13.png 20w\" sizes=\"(max-width: 800px) 100vw, 800px\" \/><\/figure>\n<\/figure>\n\n\n\n<p>La diputada Pilar Carbonero ha interpel\u00b7lat avui el conseller Lafuente per denunciar el caos i la deixadesa de les zones costaneres de les Illes. La socialista ha criticat que \u201cja esteim a l\u2019equador de la legislatura i podem dir que la seva acci\u00f3 ha estat nul\u00b7la. \u00c9s molt preocupant veure com el govern del Partit Popular permet el descontrol i la massificaci\u00f3 que ens est\u00e0 envaint les illes, la terra i la mar&#8221;. Un cop Carbonero ha fet la seva primera intervenci\u00f3, ha recriminat el conseller que &#8220;no t\u00e9 clar quin \u00e9s el rumb de la seva pol\u00edtica en mat\u00e8ria d&#8217;ordenaci\u00f3 de costes i, a m\u00e9s, culpa el Govern d&#8217;Espanya de la seva incompet\u00e8ncia&#8221;.\u00a0<\/p>\n\n\n\n<p>Carbonero ha posat exemples concrets del descontrol: fondejos descontrolats que malmeten la posid\u00f2nia, embarcacions que naveguen a velocitats excessives a pocs metres de la costa o instal\u00b7lacions temporals que ocupen platges sense control ambiental. Davant aquest context, ha criticat l\u2019actitud del Govern i li ha demanat que &#8220;no pot continuar escudant-se en les compet\u00e8ncies d\u2019altres administracions\u201d, i ha recordat que \u201cno fan res all\u00e0 on tenen compet\u00e8ncies i volen actuar all\u00e0 on no tenen compet\u00e8ncies. Una incoher\u00e8ncia absoluta&#8221;.<\/p>\n\n\n\n<p>Per altra banda, la diputada tamb\u00e9 ha dubtat del Projecte de llei d\u2019Ordenaci\u00f3 i Gesti\u00f3 Integral del Litoral, el qual \u201cen lloc de refor\u00e7ar la protecci\u00f3 del litoral i posar ordre a la costa, obre la porta a una regularitzaci\u00f3 encoberta d\u2019edificacions il\u00b7legals, a una possible privatitzaci\u00f3 progressiva dels usos del domini p\u00fablic i a una desregulaci\u00f3 contr\u00e0ria a l\u2019inter\u00e8s general.\u201d<\/p>\n\n\n\n<p>Carbonero ha concl\u00f2s l\u2019interpel\u00b7laci\u00f3 reclamant al conseller Lafuente respostes clares sobre quina \u00e9s l\u2019estrat\u00e8gia de la seva conselleria per ordenar l\u2019activitat mar\u00edtima i protegir el litoral amb criteris ambientals i sobre com pensa desplegar les compet\u00e8ncies en mat\u00e8ria de costes a fi d&#8217;establir l\u00edmits clars per regular tota l&#8217;activitat descontrolada.&nbsp;<\/p>\n\n\n\n<p>Amb aquesta interpel\u00b7laci\u00f3, la socialista ha posat en evid\u00e8ncia no nom\u00e9s la inacci\u00f3 del conseller, sin\u00f3 tamb\u00e9 la manca de rumb pol\u00edtic del seu Govern, que &#8220;est\u00e0 promovent una ocupaci\u00f3 progressiva i privada del litoral en detriment del seu valor natural&#8221;.<\/p>\n","protected":false},"excerpt":{"rendered":"<p>La diputada Pilar Carbonero ha interpel\u00b7lat avui el conseller Lafuente per denunciar el caos i la deixadesa de les zones costaneres de les Illes. La socialista ha criticat que \u201cja esteim a l\u2019equador de la legislatura i podem dir que la seva acci\u00f3 ha estat nul\u00b7la. \u00c9s molt preocupant veure com el govern del Partit&hellip;<\/p>\n","protected":false},"author":6,"featured_media":26970,"comment_status":"closed","ping_status":"closed","sticky":false,"template":"","format":"standard","meta":{"footnotes":""},"categories":[2,1,92],"tags":[],"class_list":["post-26969","post","type-post","status-publish","format-standard","has-post-thumbnail","hentry","category-federacio-de-menorca","category-federacio-de-menorca-portada","category-portada"],"_links":{"self":[{"href":"https:\/\/www.psib-psoe.org\/menorca\/wp-json\/wp\/v2\/posts\/26969"}],"collection":[{"href":"https:\/\/www.psib-psoe.org\/menorca\/wp-json\/wp\/v2\/posts"}],"about":[{"href":"https:\/\/www.psib-psoe.org\/menorca\/wp-json\/wp\/v2\/types\/post"}],"author":[{"embeddable":true,"href":"https:\/\/www.psib-psoe.org\/menorca\/wp-json\/wp\/v2\/users\/6"}],"replies":[{"embeddable":true,"href":"https:\/\/www.psib-psoe.org\/menorca\/wp-json\/wp\/v2\/comments?post=26969"}],"version-history":[{"count":1,"href":"https:\/\/www.psib-psoe.org\/menorca\/wp-json\/wp\/v2\/posts\/26969\/revisions"}],"predecessor-version":[{"id":26971,"href":"https:\/\/www.psib-psoe.org\/menorca\/wp-json\/wp\/v2\/posts\/26969\/revisions\/26971"}],"wp:featuredmedia":[{"embeddable":true,"href":"https:\/\/www.psib-psoe.org\/menorca\/wp-json\/wp\/v2\/media\/26970"}],"wp:attachment":[{"href":"https:\/\/www.psib-psoe.org\/menorca\/wp-json\/wp\/v2\/media?parent=26969"}],"wp:term":[{"taxonomy":"category","embeddable":true,"href":"https:\/\/www.psib-psoe.org\/menorca\/wp-json\/wp\/v2\/categories?post=26969"},{"taxonomy":"post_tag","embeddable":true,"href":"https:\/\/www.psib-psoe.org\/menorca\/wp-json\/wp\/v2\/tags?post=26969"}],"curies":[{"name":"wp","href":"https:\/\/api.w.org\/{rel}","templated":true}]}}