{"id":27257,"date":"2026-01-14T17:13:48","date_gmt":"2026-01-14T15:13:48","guid":{"rendered":"https:\/\/www.psib-psoe.org\/menorca\/?p=27257"},"modified":"2026-01-14T17:14:00","modified_gmt":"2026-01-14T15:14:00","slug":"el-psoe-menorca-valora-positivament-pero-amb-prudencia-lanunci-del-ministeri-daugmentar-a-tres-frequencies-el-contracte-de-losp-menorca-madrid","status":"publish","type":"post","link":"https:\/\/www.psib-psoe.org\/menorca\/el-psoe-menorca-valora-positivament-pero-amb-prudencia-lanunci-del-ministeri-daugmentar-a-tres-frequencies-el-contracte-de-losp-menorca-madrid\/","title":{"rendered":"El PSOE Menorca valora positivament \u201cper\u00f2 amb prud\u00e8ncia\u201d l\u2019anunci del Ministeri d\u2019augmentar a tres freq\u00fc\u00e8ncies el contracte de l\u2019OSP Menorca-Madrid"},"content":{"rendered":"<div class=\"wp-block-image\">\n<figure class=\"alignright size-large is-resized\"><img loading=\"lazy\" decoding=\"async\" width=\"1024\" height=\"683\" src=\"http:\/\/www.psib-psoe.org\/menorca\/wp-content\/uploads\/54949641238_52b53f0e5f_o-1024x683.jpg\" alt=\"\" class=\"wp-image-27250\" style=\"width:361px;height:auto\" srcset=\"https:\/\/www.psib-psoe.org\/menorca\/wp-content\/uploads\/54949641238_52b53f0e5f_o-1024x683.jpg 1024w, https:\/\/www.psib-psoe.org\/menorca\/wp-content\/uploads\/54949641238_52b53f0e5f_o-300x200.jpg 300w, https:\/\/www.psib-psoe.org\/menorca\/wp-content\/uploads\/54949641238_52b53f0e5f_o-768x512.jpg 768w, https:\/\/www.psib-psoe.org\/menorca\/wp-content\/uploads\/54949641238_52b53f0e5f_o-1536x1024.jpg 1536w, https:\/\/www.psib-psoe.org\/menorca\/wp-content\/uploads\/54949641238_52b53f0e5f_o-2048x1365.jpg 2048w, https:\/\/www.psib-psoe.org\/menorca\/wp-content\/uploads\/54949641238_52b53f0e5f_o-150x100.jpg 150w, https:\/\/www.psib-psoe.org\/menorca\/wp-content\/uploads\/54949641238_52b53f0e5f_o-600x400.jpg 600w, https:\/\/www.psib-psoe.org\/menorca\/wp-content\/uploads\/54949641238_52b53f0e5f_o-900x600.jpg 900w, https:\/\/www.psib-psoe.org\/menorca\/wp-content\/uploads\/54949641238_52b53f0e5f_o-20x13.jpg 20w\" sizes=\"(max-width: 1024px) 100vw, 1024px\" \/><\/figure><\/div>\n\n\n<p>El PSOE Menorca valora positivament l\u2019anunci del Ministeri de Transports d\u2019ampliar a tres les freq\u00fc\u00e8ncies di\u00e0ries de la ruta entre Menorca i Madrid, ja que demostra que el Govern d\u2019Espanya mostra la seva preocupaci\u00f3 per millorar la connectivitat de l\u2019illa. El partit vol recon\u00e8ixer que aquesta mesura \u00e9s fruit de la insist\u00e8ncia i del comprom\u00eds de diferents grups pol\u00edtics de Menorca.<br>El secretari general del PSOE Menoca, Pepe Mercadal, ha demanat \u201cprud\u00e8ncia\u201d, malgrat ser una not\u00edcia positiva. Aquest anunci implica unes noves condicions de licitaci\u00f3 i que l\u2019aerol\u00ednia que s\u2019hi presenti haur\u00e0 d\u2019operar sis vols diaris entre Madrid i Menorca. \u201cEl m\u00e9s important \u00e9s que hi hagi una aerol\u00ednia disposada a presentar-se a la licitaci\u00f3 i a operar la ruta Menorca-Madrid amb aquestes condicions. Una decisi\u00f3 que no dep\u00e8n del Ministeri\u201d, ha recordat el socialista.<br>Per aquest motiu, el PSOE Menorca critica la manca de prud\u00e8ncia de la presidenta del Govern balear, Marga Prohens, ja que el passat mes de desembre, en seu parlament\u00e0ria, va voler avan\u00e7ar aquest anunci. \u201cHo va fer quan encara no estava confirmada l\u2019ordre ministerial ni s\u2019havien completat els tr\u00e0mits administratius\u201d, ha assenyalat Mercadal, \u201ci genera unes expectacions que encara no es poden confirmar\u201d.<br>\u201cCelebrarem definitivament aquesta mesura quan es confirmi que una aerol\u00ednia es presenta a la licitaci\u00f3 i es compromet a operar la tercera freq\u00fc\u00e8ncia\u201d, ha afegit.<br>La necessitat d\u2019aquest refor\u00e7 de la ruta amb Madrid \u00e9s evident. Es tracta d\u2019una ruta que es troba saturada: el novembre de 2025 el factor d\u2019ocupaci\u00f3 va arribar al 95%, una situaci\u00f3 que s\u2019ha repetit de manera continuada durant els darrers quatre anys. Per exemple, dels primers 44 vols del mes de novembre, gaireb\u00e9 la meitat van registrar una ocupaci\u00f3 del 99% o del 100%\u201d.<\/p>\n","protected":false},"excerpt":{"rendered":"<p>El PSOE Menorca valora positivament l\u2019anunci del Ministeri de Transports d\u2019ampliar a tres les freq\u00fc\u00e8ncies di\u00e0ries de la ruta entre Menorca i Madrid, ja que demostra que el Govern d\u2019Espanya mostra la seva preocupaci\u00f3 per millorar la connectivitat de l\u2019illa. El partit vol recon\u00e8ixer que aquesta mesura \u00e9s fruit de la insist\u00e8ncia i del comprom\u00eds&hellip;<\/p>\n","protected":false},"author":6,"featured_media":27250,"comment_status":"closed","ping_status":"closed","sticky":false,"template":"","format":"standard","meta":{"footnotes":""},"categories":[2,1,92],"tags":[],"class_list":["post-27257","post","type-post","status-publish","format-standard","has-post-thumbnail","hentry","category-federacio-de-menorca","category-federacio-de-menorca-portada","category-portada"],"_links":{"self":[{"href":"https:\/\/www.psib-psoe.org\/menorca\/wp-json\/wp\/v2\/posts\/27257"}],"collection":[{"href":"https:\/\/www.psib-psoe.org\/menorca\/wp-json\/wp\/v2\/posts"}],"about":[{"href":"https:\/\/www.psib-psoe.org\/menorca\/wp-json\/wp\/v2\/types\/post"}],"author":[{"embeddable":true,"href":"https:\/\/www.psib-psoe.org\/menorca\/wp-json\/wp\/v2\/users\/6"}],"replies":[{"embeddable":true,"href":"https:\/\/www.psib-psoe.org\/menorca\/wp-json\/wp\/v2\/comments?post=27257"}],"version-history":[{"count":1,"href":"https:\/\/www.psib-psoe.org\/menorca\/wp-json\/wp\/v2\/posts\/27257\/revisions"}],"predecessor-version":[{"id":27258,"href":"https:\/\/www.psib-psoe.org\/menorca\/wp-json\/wp\/v2\/posts\/27257\/revisions\/27258"}],"wp:featuredmedia":[{"embeddable":true,"href":"https:\/\/www.psib-psoe.org\/menorca\/wp-json\/wp\/v2\/media\/27250"}],"wp:attachment":[{"href":"https:\/\/www.psib-psoe.org\/menorca\/wp-json\/wp\/v2\/media?parent=27257"}],"wp:term":[{"taxonomy":"category","embeddable":true,"href":"https:\/\/www.psib-psoe.org\/menorca\/wp-json\/wp\/v2\/categories?post=27257"},{"taxonomy":"post_tag","embeddable":true,"href":"https:\/\/www.psib-psoe.org\/menorca\/wp-json\/wp\/v2\/tags?post=27257"}],"curies":[{"name":"wp","href":"https:\/\/api.w.org\/{rel}","templated":true}]}}