{"id":27259,"date":"2026-01-19T10:16:00","date_gmt":"2026-01-19T08:16:00","guid":{"rendered":"https:\/\/www.psib-psoe.org\/menorca\/?p=27259"},"modified":"2026-01-19T10:16:40","modified_gmt":"2026-01-19T08:16:40","slug":"el-psoe-critica-que-el-discurs-del-president-viiafranca-per-sant-antoni-va-servir-per-dividir-i-enfrontar-no-per-unirel-psoe-critica-que","status":"publish","type":"post","link":"https:\/\/www.psib-psoe.org\/menorca\/el-psoe-critica-que-el-discurs-del-president-viiafranca-per-sant-antoni-va-servir-per-dividir-i-enfrontar-no-per-unirel-psoe-critica-que\/","title":{"rendered":"El PSOE critica que el discurs del president ViIafranca per Sant Antoni va servir per dividir i enfrontar, no per unir"},"content":{"rendered":"\n<p>En el seu discurs en el ple extraordinari de Sant Antoni, el president Adolfo Vilafranca va estar totalment desencertat. En la diada de Menorca, hauria d\u2019haver reivindicat l\u2019autonomia de Menorca, a trav\u00e9s del nostre govern insular, el Consell, per a decidir el seu futur i, especialment, el seu model territorial i econ\u00f2mic enfront de constants inger\u00e8ncies externes. En altres paraules, en un dia com ahir hauria d\u2019haver centrat la seva intervenci\u00f3 en la defensa de Menorca i els menorquins, per cercar un moment d\u2019uni\u00f3.<\/p>\n\n\n\n<p>En lloc d\u2019aix\u00f2, va fer un discurs molt similar a un discurs de pressupost, amb anuncis que ja coneix\u00edem i amb consignes ideol\u00f2giques destinades a dividir i enfrontar. M\u00e9s que un discurs institucional, va ser un discurs de rep\u00e0s d\u2019una gesti\u00f3 molt insuficient. Respecte a la compra d\u2019habitatges per destinar-los a lloguer assequible, es tracta d\u2019una proposta que el PSOE fa des de fa mesos, per\u00f2 per la qual ser\u00e0 necessari augmentar la partida pressupost\u00e0ria prevista, cosa que l\u2019equip de govern rebutja. A m\u00e9s, Vilafranca va escollir un conferenciant, Marcos de Quinto, que afirma que el dret a l\u2019habitatge no existeix i que les administracions no tenen res a dir en el mercat de l\u2019habitatge.<\/p>\n\n\n\n<p>Especialment greu va ser la vinculaci\u00f3 que va fer el president entre l\u2019augment demogr\u00e0fic de Menorca i l\u2019arribada d\u2019una pastera. \u00c9s evident que, a Menorca, on nom\u00e9s ha arribat una pastera i gaireb\u00e9 totes les persones que hi viatjaven ja no s\u00f3n a l\u2019illa, l\u2019arribada d\u2019immigrants irregulars no \u00e9s una de les causes de l\u2019augment demogr\u00e0fic. El president juga amb el missatge racista de culpar els immigrants de problemes que no estan causant ells, cosa que no dur\u00e0 a cap soluci\u00f3. Aix\u00f2 el que demostra \u00e9s que el president de Menorca no t\u00e9 cap pla per fer front al repte de l\u2019increment demogr\u00e0fic de l\u2019illa, ja que ni tan sols en coneix les causes reals.<\/p>\n\n\n\n<p><strong>El Consell ha triat un conferenciant que diu que el dret a l\u2019habitatge no existeix.<\/strong><\/p>\n\n\n\n<p>Marcos de Quinto va demostrar, amb la seva confer\u00e8ncia, que l\u2019equip de govern del Consell es va equivocar escollint-lo per l\u2019acte institucional de Sant Antoni. El Partit Popular havia argumentat que era una bona elecci\u00f3 perqu\u00e8 parlaria del problema de l\u2019acc\u00e9s a l\u2019habitatge a Menorca, per\u00f2 el propi de Quintos va desmuntar aquest argument avisant, al principi de la confer\u00e8ncia, que ell no coneixia la realitat de Menorca i que, per tant, no parlaria de la crisi de l\u2019habitatge a Menorca. \u00c9s a dir, pel dia de Sant Antoni ha donat la confer\u00e8ncia una persona que ni \u00e9s de Menorca, ni ha aportat res positiu per Menorca i ni tan sols ha parlat de Menorca.<\/p>\n\n\n\n<p>Des del punt de vista del PSOE Menorca, el que \u00e9s encara m\u00e9s greu \u00e9s que tampoc coneixia la realitat de la crisi de l\u2019habitatge a Espanya. Va aportar dades falses, com per exemple que l\u2019IVA a la venda d\u2019habitatge \u00e9s del 21%, quan \u00e9s del 10%, o que per immobles que no s\u00f3n nous no es paga IVA, sin\u00f3 ITP, amb un tipus escalat entre el 8 i el 13% a Balears. Per justificar els seus arguments va arribar a dir que la c\u00e0rrega fiscal sobre l\u2019habitatge \u00e9s de m\u00e9s del 40%, quan, en funci\u00f3 dels criteris aplicats, es situa entre el 25 i el 30%.<\/p>\n\n\n\n<p>No nom\u00e9s es va constatar que Marcos de Quinto no sap del que parla, sin\u00f3 que, a m\u00e9s, tamb\u00e9 considera que l\u2019habitatge no \u00e9s un dret. \u00c9s a dir, el Consell Insular, amb la crisi de l\u2019acc\u00e9s a l\u2019habitatge que tenim a Menorca, ha escollit una persona que ens ve a explicar que el dret a l\u2019habitatge, reconegut per l\u2019article 47 de la Constituci\u00f3 espanyola, realment no existeix.<\/p>\n\n\n\n<p>Pel PSOE Menorca, l\u2019acc\u00e9s a l\u2019habitatge \u00e9s un dret sense cap dubte i per aix\u00f2 hem de treballar per convertir-lo en un nou pilar de l\u2019estat del benestar, juntament amb la sanitat o l\u2019educaci\u00f3 \u2013 per cert, aquests serveis tampoc s\u00f3n drets segons el conferenciant de Vilafranca. El que ha demostrat aquesta confer\u00e8ncia \u00e9s que, pel Partit Popular, l\u2019acc\u00e9s a l\u2019habitatge no \u00e9s un dret si no un b\u00e9 de mercat sobre el qual l\u2019Estat ha de deixar especular a l\u2019elit.&nbsp;<\/p>\n\n\n\n<p>Fins i tot, de Quinto va arribar a argumentar, amb dades falses, que amb Franco es vivia millor. Per segona vegada en poc temps, sentim en un ple del Consell una apologia al franquisme tolerada pel president Vilafranca.<\/p>\n\n\n\n<p>En definitiva, la confer\u00e8ncia va ser delirant, i, per tant, l\u2019elecci\u00f3 del conferenciant un desprop\u00f2sit per part del president Vilafranca. No van faltar els comentaris masclistes, quan de Quinto va dir que l\u2019\u00fanic m\u00e8rit de l\u2019actor Jos\u00e9 Coronado havia estat \u201ctenir moltes n\u00favies\u201d i que n\u2019hi hauria de \u201cpassar una\u201d a ell, perqu\u00e8 ell havia treballat molt a la vida. Aix\u00f2 \u00e9s tractar les dones com un objecte. Nom\u00e9s per aquests comentaris, el president Vilafranca s\u2019hauria de disculpar per haver encarregat la confer\u00e8ncia a aquesta persona.<\/p>\n","protected":false},"excerpt":{"rendered":"<p>En el seu discurs en el ple extraordinari de Sant Antoni, el president Adolfo Vilafranca va estar totalment desencertat. En la diada de Menorca, hauria d\u2019haver reivindicat l\u2019autonomia de Menorca, a trav\u00e9s del nostre govern insular, el Consell, per a decidir el seu futur i, especialment, el seu model territorial i econ\u00f2mic enfront de constants&hellip;<\/p>\n","protected":false},"author":6,"featured_media":0,"comment_status":"closed","ping_status":"closed","sticky":false,"template":"","format":"standard","meta":{"footnotes":""},"categories":[2,1,92],"tags":[],"class_list":["post-27259","post","type-post","status-publish","format-standard","hentry","category-federacio-de-menorca","category-federacio-de-menorca-portada","category-portada"],"_links":{"self":[{"href":"https:\/\/www.psib-psoe.org\/menorca\/wp-json\/wp\/v2\/posts\/27259"}],"collection":[{"href":"https:\/\/www.psib-psoe.org\/menorca\/wp-json\/wp\/v2\/posts"}],"about":[{"href":"https:\/\/www.psib-psoe.org\/menorca\/wp-json\/wp\/v2\/types\/post"}],"author":[{"embeddable":true,"href":"https:\/\/www.psib-psoe.org\/menorca\/wp-json\/wp\/v2\/users\/6"}],"replies":[{"embeddable":true,"href":"https:\/\/www.psib-psoe.org\/menorca\/wp-json\/wp\/v2\/comments?post=27259"}],"version-history":[{"count":2,"href":"https:\/\/www.psib-psoe.org\/menorca\/wp-json\/wp\/v2\/posts\/27259\/revisions"}],"predecessor-version":[{"id":27262,"href":"https:\/\/www.psib-psoe.org\/menorca\/wp-json\/wp\/v2\/posts\/27259\/revisions\/27262"}],"wp:attachment":[{"href":"https:\/\/www.psib-psoe.org\/menorca\/wp-json\/wp\/v2\/media?parent=27259"}],"wp:term":[{"taxonomy":"category","embeddable":true,"href":"https:\/\/www.psib-psoe.org\/menorca\/wp-json\/wp\/v2\/categories?post=27259"},{"taxonomy":"post_tag","embeddable":true,"href":"https:\/\/www.psib-psoe.org\/menorca\/wp-json\/wp\/v2\/tags?post=27259"}],"curies":[{"name":"wp","href":"https:\/\/api.w.org\/{rel}","templated":true}]}}