{"id":27264,"date":"2026-01-20T13:36:28","date_gmt":"2026-01-20T11:36:28","guid":{"rendered":"https:\/\/www.psib-psoe.org\/menorca\/?p=27264"},"modified":"2026-01-20T13:36:39","modified_gmt":"2026-01-20T11:36:39","slug":"el-psoe-exigeix-al-govern-que-aboni-els-48-me-de-les-ajudes-provilac-pendents-de-2025","status":"publish","type":"post","link":"https:\/\/www.psib-psoe.org\/menorca\/el-psoe-exigeix-al-govern-que-aboni-els-48-me-de-les-ajudes-provilac-pendents-de-2025\/","title":{"rendered":"El PSOE exigeix al Govern que aboni els 4,8 M\u20ac de les ajudes PROVILAC pendents de 2025"},"content":{"rendered":"<div class=\"wp-block-image\">\n<figure class=\"alignright size-large is-resized\"><img loading=\"lazy\" decoding=\"async\" width=\"1024\" height=\"683\" src=\"http:\/\/www.psib-psoe.org\/menorca\/wp-content\/uploads\/DSC01981-1024x683.jpg\" alt=\"\" class=\"wp-image-27217\" style=\"width:351px;height:auto\" srcset=\"https:\/\/www.psib-psoe.org\/menorca\/wp-content\/uploads\/DSC01981-1024x683.jpg 1024w, https:\/\/www.psib-psoe.org\/menorca\/wp-content\/uploads\/DSC01981-300x200.jpg 300w, https:\/\/www.psib-psoe.org\/menorca\/wp-content\/uploads\/DSC01981-768x512.jpg 768w, https:\/\/www.psib-psoe.org\/menorca\/wp-content\/uploads\/DSC01981-1536x1024.jpg 1536w, https:\/\/www.psib-psoe.org\/menorca\/wp-content\/uploads\/DSC01981-2048x1365.jpg 2048w, https:\/\/www.psib-psoe.org\/menorca\/wp-content\/uploads\/DSC01981-150x100.jpg 150w, https:\/\/www.psib-psoe.org\/menorca\/wp-content\/uploads\/DSC01981-600x400.jpg 600w, https:\/\/www.psib-psoe.org\/menorca\/wp-content\/uploads\/DSC01981-900x600.jpg 900w, https:\/\/www.psib-psoe.org\/menorca\/wp-content\/uploads\/DSC01981-20x13.jpg 20w\" sizes=\"(max-width: 1024px) 100vw, 1024px\" \/><\/figure><\/div>\n\n\n<p>El PSOE Menorca presentar\u00e0 en el pr\u00f2xim ple una proposta d\u2019acord per reclamar al Govern de les Illes Balears que faci efectives les ajudes previstes per al 2025 del PROVILAC, aix\u00ed com per assegurar-ne la continu\u00eftat durant l\u2019any 2026.<\/p>\n\n\n\n<p>Actualment, prop d\u2019un centenar de finques, aix\u00ed com empreses i ind\u00fastries l\u00e0cties de l\u2019illa, estan pendents de rebre els 4,8 milions d\u2019euros corresponents a les ajudes del PROVILAC de 2025. Unes ajudes que el sector espera des de l\u2019estiu i que, segons ha indicat la Conselleria d\u2019Agricultura, Pesca i Medi Natural del Govern balear, no es resoldrien fins a mitjan mar\u00e7.<\/p>\n\n\n\n<p>Per aquest motiu, el PSOE Menorca considera imprescindible no nom\u00e9s agilitzar el pagament de les ajudes pendents, sin\u00f3 tamb\u00e9 garantir la continu\u00eftat del pla durant el 2026 i convocar de manera urgent la mesa del sector lacti per con\u00e8ixer les actuacions previstes en el Pla de suport pel sector lacti de 2026.&nbsp;<\/p>\n\n\n\n<p>La proposta socialista tamb\u00e9 inclou el comprom\u00eds del Consell de Menorca d\u2019ampliar, si fos necessari, la partida pressupost\u00e0ria destinada al PROVILAC en els pressupostos de 2026, amb l\u2019objectiu de continuar donant suport a un sector clau per al present i el futur de l\u2019illa.&nbsp;<\/p>\n\n\n\n<p>El PSOE recorda que el PROVILAC va ser signat a finals de 2021 amb el consens de les principals institucions i entitats del sector, precisament per fer front a la crisi estructural que pateix la ramaderia lletera a Menorca. Una crisi que es veu agreujada pel fet que el preu mitj\u00e0 de la llet de vaca crua a l\u2019illa se situa molt per sota de la mitjana estatal, fet que posa en risc la viabilitat de moltes explotacions. Concretament, es troba entorn els 54,2 c\u00e8ntims el litre, mentre que a Menorca es troba entorn els 46 c\u00e8ntims.&nbsp;<\/p>\n","protected":false},"excerpt":{"rendered":"<p>El PSOE Menorca presentar\u00e0 en el pr\u00f2xim ple una proposta d\u2019acord per reclamar al Govern de les Illes Balears que faci efectives les ajudes previstes per al 2025 del PROVILAC, aix\u00ed com per assegurar-ne la continu\u00eftat durant l\u2019any 2026. Actualment, prop d\u2019un centenar de finques, aix\u00ed com empreses i ind\u00fastries l\u00e0cties de l\u2019illa, estan pendents&hellip;<\/p>\n","protected":false},"author":6,"featured_media":27217,"comment_status":"closed","ping_status":"closed","sticky":false,"template":"","format":"standard","meta":{"footnotes":""},"categories":[2,1,92],"tags":[],"class_list":["post-27264","post","type-post","status-publish","format-standard","has-post-thumbnail","hentry","category-federacio-de-menorca","category-federacio-de-menorca-portada","category-portada"],"_links":{"self":[{"href":"https:\/\/www.psib-psoe.org\/menorca\/wp-json\/wp\/v2\/posts\/27264"}],"collection":[{"href":"https:\/\/www.psib-psoe.org\/menorca\/wp-json\/wp\/v2\/posts"}],"about":[{"href":"https:\/\/www.psib-psoe.org\/menorca\/wp-json\/wp\/v2\/types\/post"}],"author":[{"embeddable":true,"href":"https:\/\/www.psib-psoe.org\/menorca\/wp-json\/wp\/v2\/users\/6"}],"replies":[{"embeddable":true,"href":"https:\/\/www.psib-psoe.org\/menorca\/wp-json\/wp\/v2\/comments?post=27264"}],"version-history":[{"count":1,"href":"https:\/\/www.psib-psoe.org\/menorca\/wp-json\/wp\/v2\/posts\/27264\/revisions"}],"predecessor-version":[{"id":27265,"href":"https:\/\/www.psib-psoe.org\/menorca\/wp-json\/wp\/v2\/posts\/27264\/revisions\/27265"}],"wp:featuredmedia":[{"embeddable":true,"href":"https:\/\/www.psib-psoe.org\/menorca\/wp-json\/wp\/v2\/media\/27217"}],"wp:attachment":[{"href":"https:\/\/www.psib-psoe.org\/menorca\/wp-json\/wp\/v2\/media?parent=27264"}],"wp:term":[{"taxonomy":"category","embeddable":true,"href":"https:\/\/www.psib-psoe.org\/menorca\/wp-json\/wp\/v2\/categories?post=27264"},{"taxonomy":"post_tag","embeddable":true,"href":"https:\/\/www.psib-psoe.org\/menorca\/wp-json\/wp\/v2\/tags?post=27264"}],"curies":[{"name":"wp","href":"https:\/\/api.w.org\/{rel}","templated":true}]}}