{"id":27266,"date":"2026-01-21T17:14:15","date_gmt":"2026-01-21T15:14:15","guid":{"rendered":"https:\/\/www.psib-psoe.org\/menorca\/?p=27266"},"modified":"2026-01-21T17:14:26","modified_gmt":"2026-01-21T15:14:26","slug":"lhabitatge-es-un-dret-diguin-el-que-diguin-de-quinto-i-el-pp-per-pepe-mercadal","status":"publish","type":"post","link":"https:\/\/www.psib-psoe.org\/menorca\/lhabitatge-es-un-dret-diguin-el-que-diguin-de-quinto-i-el-pp-per-pepe-mercadal\/","title":{"rendered":"L\u2019habitatge \u00e9s un dret, diguin el que diguin de Quinto i el PP, per Pepe Mercadal"},"content":{"rendered":"<div class=\"wp-block-image\">\n<figure class=\"alignright size-large is-resized\"><img loading=\"lazy\" decoding=\"async\" width=\"1024\" height=\"683\" src=\"http:\/\/www.psib-psoe.org\/menorca\/wp-content\/uploads\/54949641238_52b53f0e5f_o-1024x683.jpg\" alt=\"\" class=\"wp-image-27250\" style=\"width:339px;height:auto\" srcset=\"https:\/\/www.psib-psoe.org\/menorca\/wp-content\/uploads\/54949641238_52b53f0e5f_o-1024x683.jpg 1024w, https:\/\/www.psib-psoe.org\/menorca\/wp-content\/uploads\/54949641238_52b53f0e5f_o-300x200.jpg 300w, https:\/\/www.psib-psoe.org\/menorca\/wp-content\/uploads\/54949641238_52b53f0e5f_o-768x512.jpg 768w, https:\/\/www.psib-psoe.org\/menorca\/wp-content\/uploads\/54949641238_52b53f0e5f_o-1536x1024.jpg 1536w, https:\/\/www.psib-psoe.org\/menorca\/wp-content\/uploads\/54949641238_52b53f0e5f_o-2048x1365.jpg 2048w, https:\/\/www.psib-psoe.org\/menorca\/wp-content\/uploads\/54949641238_52b53f0e5f_o-150x100.jpg 150w, https:\/\/www.psib-psoe.org\/menorca\/wp-content\/uploads\/54949641238_52b53f0e5f_o-600x400.jpg 600w, https:\/\/www.psib-psoe.org\/menorca\/wp-content\/uploads\/54949641238_52b53f0e5f_o-900x600.jpg 900w, https:\/\/www.psib-psoe.org\/menorca\/wp-content\/uploads\/54949641238_52b53f0e5f_o-20x13.jpg 20w\" sizes=\"(max-width: 1024px) 100vw, 1024px\" \/><\/figure><\/div>\n\n\n<p>\u201cSol\u00eda ir bastante a menudo [a Menorca], pisaba poco la tierra, la rodeaba d\u00e1ndole la vuelta en velero\u201d. Amb l\u2019entrevista que va concedir a Es Diari Marcos de Quinto, el president Vilafranca ja es devia penedir de la seva elecci\u00f3 per a la confer\u00e8ncia de Sant Antoni. Havien triat una persona que no coneix l\u2019illa ni tampoc ha aportat res a la nostra societat per l\u2019acte institucional del dia m\u00e9s important per Menorca.<\/p>\n\n\n\n<p>La resposta del Partit Popular a les queixes de l\u2019oposici\u00f3 per aquesta elecci\u00f3 va ser que de Quinto tenia coneixement en mat\u00e8ria d\u2019habitatge i que, per tant, parlaria del principal problema que tenim a Menorca. Si el mateix conferenciant comen\u00e7a dient \u201cno conozco el mercado de la vivienda en Menorca (&#8230;), ruego a la audiencia que no me juzguen pensando en lo que sucede en Menorca\u201d, se\u2019t desmunta tot l\u2019argument.<\/p>\n\n\n\n<p>De Quinto ni coneix Menorca, ni ha fet res per Menorca, ni tan sols va parlar de Menorca. Per\u00f2 \u00e9s que tampoc va demostrar saber-ne gaire d\u2019habitatge, en general. L\u2019IVA a la venda d\u2019habitatge \u00e9s del 10%, no del 21% com ell va afirmar. Tamb\u00e9 es va referir a l\u2019IVA al lloguer d\u2019habitatge, que no existeix. Si aquest \u00e9s l\u2019expert en habitatge de refer\u00e8ncia del president Vilafranca, anam apanyats.<\/p>\n\n\n\n<p>De Quinto basa tota la seva argumentaci\u00f3 assumint que l\u2019habitatge no \u00e9s un dret, sin\u00f3 un b\u00e9 de mercat, i que l\u2019Estat no t\u00e9 res a dir en el mercat de l\u2019habitatge.&nbsp; La cara del president era un quadre perqu\u00e8 de Quinto deia sense filtres el que el Partit Popular de Menorca no s\u2019atreveix a dir: que la dreta no creu en la regulaci\u00f3 del mercat de l\u2019habitatge.&nbsp;<\/p>\n\n\n\n<p>El debat sobre habitatge \u00e9s purament ideol\u00f2gic: si creus que \u00e9s un dret, l\u2019Estat t\u00e9 el deure de garantir-lo; si creus, com de Quinto i com el PP, que no \u00e9s un dret, l\u2019Estat no hi ha de fer res. Per a\u00e7\u00f2, el PP no aplica el topall als preus del lloguer que s\u00ed que s\u2019aplica a Barcelona, on la mitja dels preus ha deixat de cr\u00e9ixer, mentre aqu\u00ed, enguany, veurem increments que poden expulsar de casa a molts inquilins. Dir el que va dir de Quinto \u00e9s impopular, per\u00f2 \u00e9s el rerefons de les pol\u00edtiques del PP, per molt que ho dissimulin amb un relat que no s\u2019aguanta.<\/p>\n\n\n\n<p>De Quinto \u2013 i el PP \u2013 creuen que si no tens acc\u00e9s a un habitatge digne \u00e9s perqu\u00e8 ets un gandul i que, si consideres que \u00e9s el teu dret tenir-ne, \u00e9s perqu\u00e8 ets un envej\u00f3s. A veure si ens adonem d\u2019una vegada els menorquins que \u00e9s positiu per nosaltres que els superrics comprin cases a Menorca \u201cporque revaloriza, los precios suben pero est\u00e1n dando un beneficio\u201d i que \u00e9s molt millor tenir-los a ells de ve\u00efns a tenir \u201cnarcopisos \u2013 es obvio!\u201d.<\/p>\n\n\n\n<p>El Consell Insular de Menorca \u00e9s el govern de Menorca i l\u2019acte institucional de Sant Antoni \u00e9s un dels m\u00e9s importants. \u00c9s en actes com aquest quan s\u2019ha de fer valer el respecte per la nostra instituci\u00f3. La confer\u00e8ncia de de Quinto ha estat una broma de mal gust que deixa en molt mala posici\u00f3 al president. No s\u00e9 si mai hi havia hagut un conferenciant tan desencertat com el d\u2019enguany, per\u00f2 establint uns criteris m\u00ednims a l\u2019hora de triar-lo ens estalviar\u00edem sentir la vergonya aliena que vam sentir ahir per un president que ha demostrat tenir molt poca vista.<\/p>\n","protected":false},"excerpt":{"rendered":"<p>\u201cSol\u00eda ir bastante a menudo [a Menorca], pisaba poco la tierra, la rodeaba d\u00e1ndole la vuelta en velero\u201d. Amb l\u2019entrevista que va concedir a Es Diari Marcos de Quinto, el president Vilafranca ja es devia penedir de la seva elecci\u00f3 per a la confer\u00e8ncia de Sant Antoni. Havien triat una persona que no coneix l\u2019illa&hellip;<\/p>\n","protected":false},"author":6,"featured_media":27250,"comment_status":"closed","ping_status":"closed","sticky":false,"template":"","format":"standard","meta":{"footnotes":""},"categories":[2,1,92],"tags":[],"class_list":["post-27266","post","type-post","status-publish","format-standard","has-post-thumbnail","hentry","category-federacio-de-menorca","category-federacio-de-menorca-portada","category-portada"],"_links":{"self":[{"href":"https:\/\/www.psib-psoe.org\/menorca\/wp-json\/wp\/v2\/posts\/27266"}],"collection":[{"href":"https:\/\/www.psib-psoe.org\/menorca\/wp-json\/wp\/v2\/posts"}],"about":[{"href":"https:\/\/www.psib-psoe.org\/menorca\/wp-json\/wp\/v2\/types\/post"}],"author":[{"embeddable":true,"href":"https:\/\/www.psib-psoe.org\/menorca\/wp-json\/wp\/v2\/users\/6"}],"replies":[{"embeddable":true,"href":"https:\/\/www.psib-psoe.org\/menorca\/wp-json\/wp\/v2\/comments?post=27266"}],"version-history":[{"count":1,"href":"https:\/\/www.psib-psoe.org\/menorca\/wp-json\/wp\/v2\/posts\/27266\/revisions"}],"predecessor-version":[{"id":27267,"href":"https:\/\/www.psib-psoe.org\/menorca\/wp-json\/wp\/v2\/posts\/27266\/revisions\/27267"}],"wp:featuredmedia":[{"embeddable":true,"href":"https:\/\/www.psib-psoe.org\/menorca\/wp-json\/wp\/v2\/media\/27250"}],"wp:attachment":[{"href":"https:\/\/www.psib-psoe.org\/menorca\/wp-json\/wp\/v2\/media?parent=27266"}],"wp:term":[{"taxonomy":"category","embeddable":true,"href":"https:\/\/www.psib-psoe.org\/menorca\/wp-json\/wp\/v2\/categories?post=27266"},{"taxonomy":"post_tag","embeddable":true,"href":"https:\/\/www.psib-psoe.org\/menorca\/wp-json\/wp\/v2\/tags?post=27266"}],"curies":[{"name":"wp","href":"https:\/\/api.w.org\/{rel}","templated":true}]}}