{"id":27268,"date":"2026-01-22T11:56:13","date_gmt":"2026-01-22T09:56:13","guid":{"rendered":"https:\/\/www.psib-psoe.org\/menorca\/?p=27268"},"modified":"2026-01-22T11:56:25","modified_gmt":"2026-01-22T09:56:25","slug":"el-psoe-reclama-mesures-urgents-per-frenar-laugment-dels-preus-del-lloguer","status":"publish","type":"post","link":"https:\/\/www.psib-psoe.org\/menorca\/el-psoe-reclama-mesures-urgents-per-frenar-laugment-dels-preus-del-lloguer\/","title":{"rendered":"El PSOE reclama mesures urgents per frenar l&#8217;augment dels preus del lloguer"},"content":{"rendered":"<div class=\"wp-block-image\">\n<figure class=\"alignright size-large is-resized\"><img loading=\"lazy\" decoding=\"async\" width=\"1024\" height=\"683\" src=\"http:\/\/www.psib-psoe.org\/menorca\/wp-content\/uploads\/Torrent-i-Robsy-1024x683.jpg\" alt=\"\" class=\"wp-image-26844\" style=\"width:390px;height:auto\" srcset=\"https:\/\/www.psib-psoe.org\/menorca\/wp-content\/uploads\/Torrent-i-Robsy-1024x683.jpg 1024w, https:\/\/www.psib-psoe.org\/menorca\/wp-content\/uploads\/Torrent-i-Robsy-300x200.jpg 300w, https:\/\/www.psib-psoe.org\/menorca\/wp-content\/uploads\/Torrent-i-Robsy-768x512.jpg 768w, https:\/\/www.psib-psoe.org\/menorca\/wp-content\/uploads\/Torrent-i-Robsy-1536x1024.jpg 1536w, https:\/\/www.psib-psoe.org\/menorca\/wp-content\/uploads\/Torrent-i-Robsy-2048x1365.jpg 2048w, https:\/\/www.psib-psoe.org\/menorca\/wp-content\/uploads\/Torrent-i-Robsy-150x100.jpg 150w, https:\/\/www.psib-psoe.org\/menorca\/wp-content\/uploads\/Torrent-i-Robsy-600x400.jpg 600w, https:\/\/www.psib-psoe.org\/menorca\/wp-content\/uploads\/Torrent-i-Robsy-900x600.jpg 900w, https:\/\/www.psib-psoe.org\/menorca\/wp-content\/uploads\/Torrent-i-Robsy-20x13.jpg 20w\" sizes=\"(max-width: 1024px) 100vw, 1024px\" \/><\/figure><\/div>\n\n\n<p>El PSOE Menorca presentar\u00e0 al proper ple del Consell Insular una proposta d\u2019acord per refor\u00e7ar les pol\u00edtiques d\u2019habitatge a l\u2019illa i donar resposta a una situaci\u00f3 que s\u2019ha tornat insostenible per a moltes fam\u00edlies menorquines.<\/p>\n\n\n\n<p>Els socialistes alerten que el problema de l\u2019habitatge continua agreujant-se, especialment per a les persones que viuen de lloguer i que enguany veuen finalitzar el seu contracte. Segons les estimacions, els increments que es poden aplicar en els nous contractes poden arribar als 3.600 euros anuals per habitatge. A m\u00e9s, durant el 2026 podrien renovar-se m\u00e9s de 1.000 contractes de lloguer d\u2019habitatge habitual a Menorca, amb el risc d\u2019un fort encariment generalitzat.<\/p>\n\n\n\n<p>Davant aquesta realitat, el conseller socialista Eduardo Robsy defensar\u00e0 una proposta que insta l\u2019equip de govern del Consell Insular a actuar amb m\u00e9s decisi\u00f3 i recursos. La iniciativa reclama, per una banda, incrementar la partida pressupost\u00e0ria destinada a l\u2019adquisici\u00f3 de s\u00f2l, edificis i habitatges per ampliar el parc p\u00fablic destinat a lloguer social i lloguer assequible. Per l&#8217;altra, aconseguir habitatges i edificis ja constru\u00efts o en construcci\u00f3 per destinar-los a lloguer social i a lloguer assequible.&nbsp;<\/p>\n\n\n\n<p>Aquestes mesures s\u2019han vingut reclamant de forma reiterada pels socialistes des del ple d\u2019octubre de 2023, sense \u00e8xit fins el moment: l\u2019equip de Govern vota en contra de propostes socialistes en mat\u00e8ria d\u2019habitatge que despr\u00e9s acaba per aplicar i les anuncia com propostes pr\u00f2pies.<\/p>\n\n\n\n<p>Cal recordar que ja es presentar per part del PSOE una esmena al pressupost de 2026 per augmentar la partida destinada a habitatge i es va rebutjar de forma directa pel PP amb el suport de la consellera tr\u00e0nsfuga. La dotaci\u00f3 actual no \u00e9s suficient per fer tot el que anuncien, la qual cosa fa sospitar que no hi ha un inter\u00e8s real, sin\u00f3 una voluntat cosm\u00e8tica per construir un relat que no s\u2019ajusta a la realitat dels fets.<\/p>\n\n\n\n<p>Un altre punt clau de la iniciativa \u00e9s la col\u00b7laboraci\u00f3 amb la nova empresa estatal d\u2019habitatge, amb l&#8217;objectiu de promoure i facilitar l&#8217;adquisici\u00f3 i transformaci\u00f3 de s\u00f2l i la construcci\u00f3 d&#8217;habitatges a Menorca per augmentar el parc p\u00fablic d&#8217;habitatge. \u00c9s una petici\u00f3 sostinguda per part dels socialistes cercar una col\u00b7laboraci\u00f3 directa del Consell amb altres administracions, sense que fins el moment s\u2019hagi concretat cap contacte per part de l\u2019equip de govern.<\/p>\n\n\n\n<p>Finalment, la proposta insta el president del Consell Insular a fer totes les gestions necess\u00e0ries perqu\u00e8 s\u2019aprovin mesures immediates i efectives que evitin un fort augment del preu del lloguer en els contractes que s\u2019han de renovar durant el 2026. Per al PSOE Menorca, \u00e9s imprescindible actuar ara per protegir les fam\u00edlies i garantir el dret a un habitatge digne a Menorca. \u201cEl Consell no pot quedar-se de bra\u00e7os plegats mentre el lloguer expulsa fam\u00edlies del seu municipi o les aboca a una situaci\u00f3 d\u2019inseguretat permanent. Cal m\u00e9s habitatge p\u00fablic i calen mesures urgents que suposin solucions a curt termini\u201d, ha remarcat el conseller socialista Eduardo Robsy.<\/p>\n","protected":false},"excerpt":{"rendered":"<p>El PSOE Menorca presentar\u00e0 al proper ple del Consell Insular una proposta d\u2019acord per refor\u00e7ar les pol\u00edtiques d\u2019habitatge a l\u2019illa i donar resposta a una situaci\u00f3 que s\u2019ha tornat insostenible per a moltes fam\u00edlies menorquines. Els socialistes alerten que el problema de l\u2019habitatge continua agreujant-se, especialment per a les persones que viuen de lloguer i&hellip;<\/p>\n","protected":false},"author":6,"featured_media":26844,"comment_status":"closed","ping_status":"closed","sticky":false,"template":"","format":"standard","meta":{"footnotes":""},"categories":[2,1,92],"tags":[],"class_list":["post-27268","post","type-post","status-publish","format-standard","has-post-thumbnail","hentry","category-federacio-de-menorca","category-federacio-de-menorca-portada","category-portada"],"_links":{"self":[{"href":"https:\/\/www.psib-psoe.org\/menorca\/wp-json\/wp\/v2\/posts\/27268"}],"collection":[{"href":"https:\/\/www.psib-psoe.org\/menorca\/wp-json\/wp\/v2\/posts"}],"about":[{"href":"https:\/\/www.psib-psoe.org\/menorca\/wp-json\/wp\/v2\/types\/post"}],"author":[{"embeddable":true,"href":"https:\/\/www.psib-psoe.org\/menorca\/wp-json\/wp\/v2\/users\/6"}],"replies":[{"embeddable":true,"href":"https:\/\/www.psib-psoe.org\/menorca\/wp-json\/wp\/v2\/comments?post=27268"}],"version-history":[{"count":2,"href":"https:\/\/www.psib-psoe.org\/menorca\/wp-json\/wp\/v2\/posts\/27268\/revisions"}],"predecessor-version":[{"id":27270,"href":"https:\/\/www.psib-psoe.org\/menorca\/wp-json\/wp\/v2\/posts\/27268\/revisions\/27270"}],"wp:featuredmedia":[{"embeddable":true,"href":"https:\/\/www.psib-psoe.org\/menorca\/wp-json\/wp\/v2\/media\/26844"}],"wp:attachment":[{"href":"https:\/\/www.psib-psoe.org\/menorca\/wp-json\/wp\/v2\/media?parent=27268"}],"wp:term":[{"taxonomy":"category","embeddable":true,"href":"https:\/\/www.psib-psoe.org\/menorca\/wp-json\/wp\/v2\/categories?post=27268"},{"taxonomy":"post_tag","embeddable":true,"href":"https:\/\/www.psib-psoe.org\/menorca\/wp-json\/wp\/v2\/tags?post=27268"}],"curies":[{"name":"wp","href":"https:\/\/api.w.org\/{rel}","templated":true}]}}