{"id":27271,"date":"2026-01-22T12:26:19","date_gmt":"2026-01-22T10:26:19","guid":{"rendered":"https:\/\/www.psib-psoe.org\/menorca\/?p=27271"},"modified":"2026-01-22T12:26:30","modified_gmt":"2026-01-22T10:26:30","slug":"el-psoe-menorca-considera-que-els-fets-no-acompanyen-les-paraules-de-vilafranca-respecte-la-massificacio","status":"publish","type":"post","link":"https:\/\/www.psib-psoe.org\/menorca\/el-psoe-menorca-considera-que-els-fets-no-acompanyen-les-paraules-de-vilafranca-respecte-la-massificacio\/","title":{"rendered":"El PSOE Menorca considera que &#8220;els fets no acompanyen les paraules&#8221; de Vilafranca respecte la massificaci\u00f3"},"content":{"rendered":"<div class=\"wp-block-image\">\n<figure class=\"alignright size-large is-resized\"><img loading=\"lazy\" decoding=\"async\" width=\"1024\" height=\"683\" src=\"http:\/\/www.psib-psoe.org\/menorca\/wp-content\/uploads\/DSC01946-1-1024x683.jpg\" alt=\"\" class=\"wp-image-27166\" style=\"width:309px;height:auto\" srcset=\"https:\/\/www.psib-psoe.org\/menorca\/wp-content\/uploads\/DSC01946-1-1024x683.jpg 1024w, https:\/\/www.psib-psoe.org\/menorca\/wp-content\/uploads\/DSC01946-1-300x200.jpg 300w, https:\/\/www.psib-psoe.org\/menorca\/wp-content\/uploads\/DSC01946-1-768x512.jpg 768w, https:\/\/www.psib-psoe.org\/menorca\/wp-content\/uploads\/DSC01946-1-1536x1024.jpg 1536w, https:\/\/www.psib-psoe.org\/menorca\/wp-content\/uploads\/DSC01946-1-2048x1365.jpg 2048w, https:\/\/www.psib-psoe.org\/menorca\/wp-content\/uploads\/DSC01946-1-150x100.jpg 150w, https:\/\/www.psib-psoe.org\/menorca\/wp-content\/uploads\/DSC01946-1-600x400.jpg 600w, https:\/\/www.psib-psoe.org\/menorca\/wp-content\/uploads\/DSC01946-1-900x600.jpg 900w, https:\/\/www.psib-psoe.org\/menorca\/wp-content\/uploads\/DSC01946-1-20x13.jpg 20w\" sizes=\"(max-width: 1024px) 100vw, 1024px\" \/><\/figure><\/div>\n\n\n<p>El secretari general del PSOE Menorca, Pepe Mercadal, ha assenyalat que &#8220;els fets no acompanyen les paraules&#8221; del president del Consell, Adolfo Vilafranca, que en el context de la fira FITUR ha dit que \u201cno volem m\u00e9s massificaci\u00f3\u201d. El secretari general ha recordat que la modificaci\u00f3 del PTI que promou el PP preveu &#8220;fins a 24.000 places tur\u00edstiques m\u00e9s, permet el lloguer tur\u00edstic al camp i elimina el l\u00edmit de places i de piscines en els hotels del camp\u201d. Si de veritat el president del Consell no volgu\u00e9s m\u00e9s massificaci\u00f3, \u201cel que no ha de fer \u00e9s acabar amb els l\u00edmits fixats en el PTI\u201d.<\/p>\n\n\n\n<p>Mercadal considera que \u201cnormes com el PTI han protegit Menorca de l\u2019explotaci\u00f3 que s\u2019ha vist en altres destins i a\u00e7\u00f2, a m\u00e9s de cuidar el medi ambient, \u00e9s un avantatge competitiu que tenim com a dest\u00ed tur\u00edstic\u201d. Volent eliminar la protecci\u00f3 del PTI, com est\u00e0 intentant el PP &#8211; ara enviant l\u2019expedient al Consell de Mallorca -, \u201c\u00e9s no tenir en compte el valor econ\u00f2mic que aporta la protecci\u00f3 paisatg\u00edstica i mediambiental\u201d.<\/p>\n\n\n\n<p>El govern de Vilafranca \u201cen p\u00fablic diu que volen l\u00edmits, per\u00f2 d\u2019amagat eliminen els l\u00edmits que ja tenim\u201d. El seu discurs \u201cno \u00e9s coherent amb la seva acci\u00f3 de govern\u201d, considera Mercadal. Si cal canviar alguna cosa del PTI, continua Mercadal, \u201cha de ser, per exemple, per plantejar si hem arribat al l\u00edmit d\u2019hotels rurals o per si hem d&#8217;introduir normes m\u00e9s estrictes en l\u2019\u00fas de l\u2019aigua\u201d.<\/p>\n\n\n\n<p>Una altra de les grans assignatures pendents del govern del PP \u00e9s la limitaci\u00f3 de l\u2019entrada de vehicles a Menorca. Des de l\u2019any 2023, la normativa permet aplicar aquesta mesura, per\u00f2 el PP fa res anys que no fa cap passa al respecte. Davant aquesta inacci\u00f3, el PSOE va fer la seva feina i va proposar un reglament perqu\u00e8 serv\u00eds com a punt de partida. &#8220;Enfora d\u2019aprofitar-lo per avan\u00e7ar, el PP hi va votar en contra, i avui dia encara no sabem en quin punt es troba aquesta mesura&#8221;, ha denunciat el socialista.<\/p>\n\n\n\n<p>Per tot aix\u00f2, el PSOE Menorca no es creu el discurs del PP, que ara parla de l\u00edmits mentre les seves decisions pol\u00edtiques i el seu ideari demostren tot el contrari.<\/p>\n","protected":false},"excerpt":{"rendered":"<p>El secretari general del PSOE Menorca, Pepe Mercadal, ha assenyalat que &#8220;els fets no acompanyen les paraules&#8221; del president del Consell, Adolfo Vilafranca, que en el context de la fira FITUR ha dit que \u201cno volem m\u00e9s massificaci\u00f3\u201d. El secretari general ha recordat que la modificaci\u00f3 del PTI que promou el PP preveu &#8220;fins a&hellip;<\/p>\n","protected":false},"author":6,"featured_media":27166,"comment_status":"closed","ping_status":"closed","sticky":false,"template":"","format":"standard","meta":{"footnotes":""},"categories":[2,1,92],"tags":[],"class_list":["post-27271","post","type-post","status-publish","format-standard","has-post-thumbnail","hentry","category-federacio-de-menorca","category-federacio-de-menorca-portada","category-portada"],"_links":{"self":[{"href":"https:\/\/www.psib-psoe.org\/menorca\/wp-json\/wp\/v2\/posts\/27271"}],"collection":[{"href":"https:\/\/www.psib-psoe.org\/menorca\/wp-json\/wp\/v2\/posts"}],"about":[{"href":"https:\/\/www.psib-psoe.org\/menorca\/wp-json\/wp\/v2\/types\/post"}],"author":[{"embeddable":true,"href":"https:\/\/www.psib-psoe.org\/menorca\/wp-json\/wp\/v2\/users\/6"}],"replies":[{"embeddable":true,"href":"https:\/\/www.psib-psoe.org\/menorca\/wp-json\/wp\/v2\/comments?post=27271"}],"version-history":[{"count":1,"href":"https:\/\/www.psib-psoe.org\/menorca\/wp-json\/wp\/v2\/posts\/27271\/revisions"}],"predecessor-version":[{"id":27272,"href":"https:\/\/www.psib-psoe.org\/menorca\/wp-json\/wp\/v2\/posts\/27271\/revisions\/27272"}],"wp:featuredmedia":[{"embeddable":true,"href":"https:\/\/www.psib-psoe.org\/menorca\/wp-json\/wp\/v2\/media\/27166"}],"wp:attachment":[{"href":"https:\/\/www.psib-psoe.org\/menorca\/wp-json\/wp\/v2\/media?parent=27271"}],"wp:term":[{"taxonomy":"category","embeddable":true,"href":"https:\/\/www.psib-psoe.org\/menorca\/wp-json\/wp\/v2\/categories?post=27271"},{"taxonomy":"post_tag","embeddable":true,"href":"https:\/\/www.psib-psoe.org\/menorca\/wp-json\/wp\/v2\/tags?post=27271"}],"curies":[{"name":"wp","href":"https:\/\/api.w.org\/{rel}","templated":true}]}}