{"id":27384,"date":"2026-04-15T12:35:14","date_gmt":"2026-04-15T10:35:14","guid":{"rendered":"https:\/\/www.psib-psoe.org\/menorca\/?p=27384"},"modified":"2026-04-15T12:35:25","modified_gmt":"2026-04-15T10:35:25","slug":"noemi-gomila-reclama-posar-en-marxa-en-6-mesos-210-places-per-a-gent-gran-i-denuncia-la-ineficacia-del-pp","status":"publish","type":"post","link":"https:\/\/www.psib-psoe.org\/menorca\/noemi-gomila-reclama-posar-en-marxa-en-6-mesos-210-places-per-a-gent-gran-i-denuncia-la-ineficacia-del-pp\/","title":{"rendered":"Noem\u00ed Gomila reclama posar en marxa en 6 mesos 210 places per a gent gran i denuncia la inefic\u00e0cia del PP"},"content":{"rendered":"\n<figure class=\"wp-block-image size-full\"><img loading=\"lazy\" decoding=\"async\" width=\"701\" height=\"534\" src=\"http:\/\/www.psib-psoe.org\/menorca\/wp-content\/uploads\/Captura-de-pantalla-2026-03-17-a-les-12.25.02.png\" alt=\"\" class=\"wp-image-27354\" srcset=\"https:\/\/www.psib-psoe.org\/menorca\/wp-content\/uploads\/Captura-de-pantalla-2026-03-17-a-les-12.25.02.png 701w, https:\/\/www.psib-psoe.org\/menorca\/wp-content\/uploads\/Captura-de-pantalla-2026-03-17-a-les-12.25.02-300x229.png 300w, https:\/\/www.psib-psoe.org\/menorca\/wp-content\/uploads\/Captura-de-pantalla-2026-03-17-a-les-12.25.02-150x114.png 150w, https:\/\/www.psib-psoe.org\/menorca\/wp-content\/uploads\/Captura-de-pantalla-2026-03-17-a-les-12.25.02-600x457.png 600w, https:\/\/www.psib-psoe.org\/menorca\/wp-content\/uploads\/Captura-de-pantalla-2026-03-17-a-les-12.25.02-20x16.png 20w\" sizes=\"(max-width: 701px) 100vw, 701px\" \/><\/figure>\n\n\n\n<p>El PSOE Menorca presentar\u00e0 en el proper ple del Consell de Menorca una moci\u00f3 per exigir una millora en la planificaci\u00f3 i posada en marxa dels recursos assistencials destinats a la gent gran amb depend\u00e8ncia, concretament les tres resid\u00e8ncies de Santiago a Ma\u00f3, la des Castell i Es Migjorn Gran.<\/p>\n\n\n\n<p>La consellera Noem\u00ed Gomila ha qualificat d'&#8221;insuficient&#8221; la planificaci\u00f3 contemplada en el Pla d\u2019Infraestructures Sociosanit\u00e0ries 2026-2030 del Govern balear i alerta que no dona resposta a les necessitats reals de les fam\u00edlies menorquines.<\/p>\n\n\n\n<p>Gomila ha recordat que &#8220;l&#8217;anterior equip de govern va deixar comen\u00e7ades aquestes infraestructures i l&#8217;\u00fanic que havia de fer el Partit Popular era planificar la seva gesti\u00f3 i posar-les en marxa. I no ha fet ni una cosa ni l&#8217;altra. Duim tres anys perduts en una tema tan cabdal com aquest&#8221;.&nbsp;<\/p>\n\n\n\n<p>La moci\u00f3 planteja dos acords clau: d\u2019una banda, que en un termini m\u00e0xim de sis mesos es posin en funcionament els tres nous recursos assistencials per a gent gran amb depend\u00e8ncia, que suposaran la creaci\u00f3 de 210 noves places residencials i permetran reduir fins a un 80% la llista d\u2019espera actual; i de l\u2019altra, instar a la modificaci\u00f3 del pla auton\u00f2mic per adaptar-lo millor a la realitat de Menorca.<\/p>\n\n\n\n<p>Gomila ha defensat que \u201cno podem permetre que les fam\u00edlies menorquines continu\u00efn esperant solucions mentre les necessitats augmenten. \u00c9s fonamental fixar un calendari clar i realista per a la posada en marxa de les noves resid\u00e8ncies\u201d.<\/p>\n\n\n\n<p>A m\u00e9s, ha remarcat que \u201cla gent gran mereix una atenci\u00f3 digna i de qualitat, i a\u00e7\u00f2 nom\u00e9s ser\u00e0 possible amb una planificaci\u00f3 adequada i amb la voluntat pol\u00edtica de prioritzar el benestar social\u201d.<\/p>\n\n\n\n<p>Finalment, des del PSOE Menorca s\u2019ha fet una crida a la resta de grups pol\u00edtics del Consell a donar suport a aquesta iniciativa \u201cper responsabilitat i comprom\u00eds amb el futur de l\u2019atenci\u00f3 sociosanit\u00e0ria a la nostra illa\u201d.<\/p>\n","protected":false},"excerpt":{"rendered":"<p>El PSOE Menorca presentar\u00e0 en el proper ple del Consell de Menorca una moci\u00f3 per exigir una millora en la planificaci\u00f3 i posada en marxa dels recursos assistencials destinats a la gent gran amb depend\u00e8ncia, concretament les tres resid\u00e8ncies de Santiago a Ma\u00f3, la des Castell i Es Migjorn Gran. La consellera Noem\u00ed Gomila ha&hellip;<\/p>\n","protected":false},"author":6,"featured_media":27354,"comment_status":"closed","ping_status":"closed","sticky":false,"template":"","format":"standard","meta":{"footnotes":""},"categories":[2,1,92],"tags":[],"class_list":["post-27384","post","type-post","status-publish","format-standard","has-post-thumbnail","hentry","category-federacio-de-menorca","category-federacio-de-menorca-portada","category-portada"],"_links":{"self":[{"href":"https:\/\/www.psib-psoe.org\/menorca\/wp-json\/wp\/v2\/posts\/27384"}],"collection":[{"href":"https:\/\/www.psib-psoe.org\/menorca\/wp-json\/wp\/v2\/posts"}],"about":[{"href":"https:\/\/www.psib-psoe.org\/menorca\/wp-json\/wp\/v2\/types\/post"}],"author":[{"embeddable":true,"href":"https:\/\/www.psib-psoe.org\/menorca\/wp-json\/wp\/v2\/users\/6"}],"replies":[{"embeddable":true,"href":"https:\/\/www.psib-psoe.org\/menorca\/wp-json\/wp\/v2\/comments?post=27384"}],"version-history":[{"count":1,"href":"https:\/\/www.psib-psoe.org\/menorca\/wp-json\/wp\/v2\/posts\/27384\/revisions"}],"predecessor-version":[{"id":27385,"href":"https:\/\/www.psib-psoe.org\/menorca\/wp-json\/wp\/v2\/posts\/27384\/revisions\/27385"}],"wp:featuredmedia":[{"embeddable":true,"href":"https:\/\/www.psib-psoe.org\/menorca\/wp-json\/wp\/v2\/media\/27354"}],"wp:attachment":[{"href":"https:\/\/www.psib-psoe.org\/menorca\/wp-json\/wp\/v2\/media?parent=27384"}],"wp:term":[{"taxonomy":"category","embeddable":true,"href":"https:\/\/www.psib-psoe.org\/menorca\/wp-json\/wp\/v2\/categories?post=27384"},{"taxonomy":"post_tag","embeddable":true,"href":"https:\/\/www.psib-psoe.org\/menorca\/wp-json\/wp\/v2\/tags?post=27384"}],"curies":[{"name":"wp","href":"https:\/\/api.w.org\/{rel}","templated":true}]}}