{"id":27387,"date":"2026-04-18T09:41:32","date_gmt":"2026-04-18T07:41:32","guid":{"rendered":"https:\/\/www.psib-psoe.org\/menorca\/?p=27387"},"modified":"2026-04-20T09:50:44","modified_gmt":"2026-04-20T07:50:44","slug":"el-psoe-menorca-critica-la-incoherencia-del-pp-en-materia-dhabitatge","status":"publish","type":"post","link":"https:\/\/www.psib-psoe.org\/menorca\/el-psoe-menorca-critica-la-incoherencia-del-pp-en-materia-dhabitatge\/","title":{"rendered":"El PSOE Menorca critica la incoher\u00e8ncia del PP en mat\u00e8ria d&#8217;habitatge"},"content":{"rendered":"\n<p>El PSOE Menorca ha denunciat la manca de coher\u00e8ncia del Partit Popular amb mat\u00e8ria d&#8217;habitatge. Mentre que al Consell de Menorca els populars han presentat una proposta d&#8217;acord exigint a l\u2019Estat el compliment per part de la SAREB del Reial Decret llei 8\/2026 de mesures en mat\u00e8ria de lloguer -aprovat per fer front a les conseq\u00fc\u00e8ncies econ\u00f2miques i socials de la guerra d&#8217;Iran- als inquilins de l\u2019edifici del carrer Pintor Calb\u00f3, al Congr\u00e9s dels Diputats votaran en contra d&#8217;aquesta mateixa norma per que no es pugui aplicar m\u00e9s arreu del pa\u00eds.&nbsp;<\/p>\n\n\n\n<p>Des del PSOE Menorca recorden que aquesta norma inclou dues mesures fonamentals per protegir les fam\u00edlies: d&#8217;una banda, una pr\u00f2rroga extraordin\u00e0ria dels contractes de lloguer habitual i, de l&#8217;altra, una limitaci\u00f3, tamb\u00e9 extraordin\u00e0ria, a les actualitzacions de renda d&#8217;aquests tipus de contractes.&nbsp;<\/p>\n\n\n\n<p>En aquest context, la proposta presentada pels PSOE Menorca al Consell de Menorca insta tots els grups pol\u00edtics amb representaci\u00f3 al Congr\u00e9s dels Diputats a convalidar el Reial Decret llei que dona suport legal a aquesta mesura i a garantir el seu desplegament a l&#8217;illa. En concret, es demana que el Consell de Menorca proporcioni assist\u00e8ncia, acompanyament i models de sol\u00b7licitud perqu\u00e8 totes les fam\u00edlies afectades puguin acollir-se a la pr\u00f2rroga, aix\u00ed com que activi tots els canals de comunicaci\u00f3 disponibles per informar la ciutadania sobre aquesta possibilitat.&nbsp;<\/p>\n\n\n\n<p>A m\u00e9s, la iniciativa tamb\u00e9 planteja contactar amb tots els beneficiaris dels diferents programes de lloguer amb contractes que finalitzin dins el termini establert al Reial Decret llei, amb l&#8217;objectiu d&#8217;oferir informaci\u00f3 i acompanyament per sol\u00b7licitar aquesta pr\u00f2rroga.&nbsp;<\/p>\n\n\n\n<p>Finalment, el PSOE Menorca proposa instar l&#8217;IBAVI a aplicar d&#8217;ofici una pr\u00f2rroga de dos anys a totes les fam\u00edlies amb contractes de lloguer social que finalitzin abans de 31 de desembre de 2027, amb la finalitat de garantir la seva estabilitat.&nbsp;<\/p>\n\n\n\n<p>\u201cDavant de la dif\u00edcil situaci\u00f3 que afronten les fam\u00edlies menorquines que viuen de lloguer, deguda a l\u2019increment salvatge de preus i la baixa oferta disponible a preus assequibles, la possibilitat de prorrogar fins a dos anys els contractes vigents \u00e9s la mesura m\u00e9s efectiva per donar un poc d\u2019estabilitat als inquilins\u201d, ha assegurat el conseller Robsy.&nbsp;<\/p>\n\n\n\n<p>El socialista insisteix tamb\u00e9 que \u201caquesta mesura \u00e9s totalment imprescindible, ja que el Partit Popular s\u2019obstina en no aplicar la mesura que considerem fonamental i que permet la Llei pel dret a l\u2019habitatge: la declaraci\u00f3 de zones tensionades a les Illes Balears, que congelaria els preus i donaria, a m\u00e9s importants incentius fiscals als propietaris dels habitatges\u201d. Aquest bloqueig ideol\u00f2gic condemna les fam\u00edlies menorquines a enfrontar-se a pujades fora de tota l\u00f2gica quan acaben els seus contractes de lloguer.&nbsp;<\/p>\n","protected":false},"excerpt":{"rendered":"<p>El PSOE Menorca ha denunciat la manca de coher\u00e8ncia del Partit Popular amb mat\u00e8ria d&#8217;habitatge. Mentre que al Consell de Menorca els populars han presentat una proposta d&#8217;acord exigint a l\u2019Estat el compliment per part de la SAREB del Reial Decret llei 8\/2026 de mesures en mat\u00e8ria de lloguer -aprovat per fer front a les&hellip;<\/p>\n","protected":false},"author":6,"featured_media":0,"comment_status":"closed","ping_status":"closed","sticky":false,"template":"","format":"standard","meta":{"footnotes":""},"categories":[2,1,92],"tags":[],"class_list":["post-27387","post","type-post","status-publish","format-standard","hentry","category-federacio-de-menorca","category-federacio-de-menorca-portada","category-portada"],"_links":{"self":[{"href":"https:\/\/www.psib-psoe.org\/menorca\/wp-json\/wp\/v2\/posts\/27387"}],"collection":[{"href":"https:\/\/www.psib-psoe.org\/menorca\/wp-json\/wp\/v2\/posts"}],"about":[{"href":"https:\/\/www.psib-psoe.org\/menorca\/wp-json\/wp\/v2\/types\/post"}],"author":[{"embeddable":true,"href":"https:\/\/www.psib-psoe.org\/menorca\/wp-json\/wp\/v2\/users\/6"}],"replies":[{"embeddable":true,"href":"https:\/\/www.psib-psoe.org\/menorca\/wp-json\/wp\/v2\/comments?post=27387"}],"version-history":[{"count":1,"href":"https:\/\/www.psib-psoe.org\/menorca\/wp-json\/wp\/v2\/posts\/27387\/revisions"}],"predecessor-version":[{"id":27389,"href":"https:\/\/www.psib-psoe.org\/menorca\/wp-json\/wp\/v2\/posts\/27387\/revisions\/27389"}],"wp:attachment":[{"href":"https:\/\/www.psib-psoe.org\/menorca\/wp-json\/wp\/v2\/media?parent=27387"}],"wp:term":[{"taxonomy":"category","embeddable":true,"href":"https:\/\/www.psib-psoe.org\/menorca\/wp-json\/wp\/v2\/categories?post=27387"},{"taxonomy":"post_tag","embeddable":true,"href":"https:\/\/www.psib-psoe.org\/menorca\/wp-json\/wp\/v2\/tags?post=27387"}],"curies":[{"name":"wp","href":"https:\/\/api.w.org\/{rel}","templated":true}]}}