{"id":27390,"date":"2026-04-17T09:51:36","date_gmt":"2026-04-17T07:51:36","guid":{"rendered":"https:\/\/www.psib-psoe.org\/menorca\/?p=27390"},"modified":"2026-04-20T09:52:40","modified_gmt":"2026-04-20T07:52:40","slug":"el-psoe-menorca-exigeix-celeritat-en-lautoritzacio-temporal-en-el-port-de-sanitja","status":"publish","type":"post","link":"https:\/\/www.psib-psoe.org\/menorca\/el-psoe-menorca-exigeix-celeritat-en-lautoritzacio-temporal-en-el-port-de-sanitja\/","title":{"rendered":"El PSOE Menorca exigeix celeritat en l\u2019autoritzaci\u00f3 temporal en el port de Sanitja"},"content":{"rendered":"\n<p>Davant la situaci\u00f3 del port de Sanitja, el PSOE Menorca exigeix a la Conselleria de la Mar del Govern balear que deixi de desviar responsabilitats cada vegada que es troba amb un problema de gesti\u00f3. El secretari general del PSOE Menorca, Pepe Mercadal, ha criticat que &#8220;cada vegada que tenen un tema complicat damunt la taula tiren pilotes fora i culpen de tot al Govern d\u2019Espanya, en lloc d\u2019actuar amb lleialtat institucional per trobar solucions\u201d.<\/p>\n\n\n\n<p>Mercadal ha assenyalat que des del passat mes de febrer la Conselleria disposava de via lliure per tramitar la concessi\u00f3 temporal perqu\u00e8 tenia tots els informes necessaris del Ministeri, per\u00f2, tot i aix\u00f2, la setmana passada van explicar a premsa que no podien atorgar l\u2019autoritzaci\u00f3 temporal als usuaris per culpa de l\u2019administraci\u00f3 estatal. \u201cQuan es posen aquestes excuses\u201d, considera Mercadal, \u201ces menteix als ciutadans afectats i a les administracions locals. La veritat \u00e9s que o no s\u2019havien assabentat que tenien tots els informes necessaris, el que demostraria que no dediquen gaire esfor\u00e7os, o b\u00e9 actuen amb mala fe per enganar i converir un tema que tots volem veure solucionat en una lluita partidista\u201d.<\/p>\n\n\n\n<p>El secretari general ha recordat que aquesta pr\u00e0ctica de la Conselleria \u201cja l\u2019hem patit en altres ocasions, com a Cala en Porter despr\u00e9s de la DANA: van fer creure a tothom, fins i tot al batle, que la culpa era del Ministeri i despr\u00e9s va resultar que ells tenien via lliure per solucionar-ho. I amb Sanitja han fet fet el mateix.\u201d<\/p>\n\n\n\n<p>Despr\u00e9s de la reuni\u00f3 d\u2019ahir ha quedat demostrat que la Conselleria no t\u00e9 cap obstacle per tramitar l\u2019autoritzaci\u00f3 temporal, el PSOE Menrca exigeix al Govern balear celeritat perqu\u00e8 les barques puguin tornar a Sanitja en els propers dies. A m\u00e9s, la Conselleria \u201cs\u2019ha de posar les piles en la tramitaci\u00f3 de la concessi\u00f3, que ha de ser la soluci\u00f3 definitiva pels usuaris i que, des que el PP va entrar a governar el 2023, no ha avan\u00e7at gens\u201d.<\/p>\n","protected":false},"excerpt":{"rendered":"<p>Davant la situaci\u00f3 del port de Sanitja, el PSOE Menorca exigeix a la Conselleria de la Mar del Govern balear que deixi de desviar responsabilitats cada vegada que es troba amb un problema de gesti\u00f3. El secretari general del PSOE Menorca, Pepe Mercadal, ha criticat que &#8220;cada vegada que tenen un tema complicat damunt la&hellip;<\/p>\n","protected":false},"author":6,"featured_media":0,"comment_status":"closed","ping_status":"closed","sticky":false,"template":"","format":"standard","meta":{"footnotes":""},"categories":[2,1,92],"tags":[],"class_list":["post-27390","post","type-post","status-publish","format-standard","hentry","category-federacio-de-menorca","category-federacio-de-menorca-portada","category-portada"],"_links":{"self":[{"href":"https:\/\/www.psib-psoe.org\/menorca\/wp-json\/wp\/v2\/posts\/27390"}],"collection":[{"href":"https:\/\/www.psib-psoe.org\/menorca\/wp-json\/wp\/v2\/posts"}],"about":[{"href":"https:\/\/www.psib-psoe.org\/menorca\/wp-json\/wp\/v2\/types\/post"}],"author":[{"embeddable":true,"href":"https:\/\/www.psib-psoe.org\/menorca\/wp-json\/wp\/v2\/users\/6"}],"replies":[{"embeddable":true,"href":"https:\/\/www.psib-psoe.org\/menorca\/wp-json\/wp\/v2\/comments?post=27390"}],"version-history":[{"count":1,"href":"https:\/\/www.psib-psoe.org\/menorca\/wp-json\/wp\/v2\/posts\/27390\/revisions"}],"predecessor-version":[{"id":27391,"href":"https:\/\/www.psib-psoe.org\/menorca\/wp-json\/wp\/v2\/posts\/27390\/revisions\/27391"}],"wp:attachment":[{"href":"https:\/\/www.psib-psoe.org\/menorca\/wp-json\/wp\/v2\/media?parent=27390"}],"wp:term":[{"taxonomy":"category","embeddable":true,"href":"https:\/\/www.psib-psoe.org\/menorca\/wp-json\/wp\/v2\/categories?post=27390"},{"taxonomy":"post_tag","embeddable":true,"href":"https:\/\/www.psib-psoe.org\/menorca\/wp-json\/wp\/v2\/tags?post=27390"}],"curies":[{"name":"wp","href":"https:\/\/api.w.org\/{rel}","templated":true}]}}