{"id":27392,"date":"2026-04-20T10:18:46","date_gmt":"2026-04-20T08:18:46","guid":{"rendered":"https:\/\/www.psib-psoe.org\/menorca\/?p=27392"},"modified":"2026-04-21T10:20:17","modified_gmt":"2026-04-21T08:20:17","slug":"el-psoe-menorca-posa-en-marxa-un-servei-dassessorament-gratuit-per-a-la-regularitzacio-extraordinaria-impulsada-pel-govern-despanya","status":"publish","type":"post","link":"https:\/\/www.psib-psoe.org\/menorca\/el-psoe-menorca-posa-en-marxa-un-servei-dassessorament-gratuit-per-a-la-regularitzacio-extraordinaria-impulsada-pel-govern-despanya\/","title":{"rendered":"El PSOE Menorca posa en marxa un servei d\u2019assessorament gratu\u00eft per a la regularitzaci\u00f3 extraordin\u00e0ria impulsada pel Govern d\u2019Espanya"},"content":{"rendered":"\n<p>El PSOE Menorca inicia avui un proc\u00e9s d\u2019assessorament gratu\u00eft, amb juristes que prestaran el servei de forma volunt\u00e0ria, dirigit a totes aquelles persones migrades de l&#8217;illa que necessitin suport per sol\u00b7licitar la regularitzaci\u00f3 extraordin\u00e0ria aprovada recentment pel Govern d\u2019Espanya.<\/p>\n\n\n\n<p>Aquesta iniciativa impulsada des de l&#8217;\u00e0mbit auton\u00f2mic t\u00e9 com a objectiu facilitar l\u2019acc\u00e9s a aquest procediment, oferint informaci\u00f3 clara, acompanyament personalitzat i suport en la tramitaci\u00f3 de la documentaci\u00f3 necess\u00e0ria. El servei est\u00e0 pensat per arribar a aquells col\u00b7lectius que poden trobar m\u00e9s dificultats administratives o manca d\u2019informaci\u00f3 a l\u2019hora d\u2019iniciar el proc\u00e9s.<\/p>\n\n\n\n<p>El secretari general del PSOE Menorca, Pepe Mercadal, ha recordat que al llarg de la hist\u00f2ria recent d\u2019Espanya s\u2019han dut a terme sis processos de regularitzaci\u00f3, inclosos alguns sota governs del Partit Popular, amb Aznar al capdavant. En aquest sentit, ha destacat que l\u2019actual proc\u00e9s parteix d\u2019una iniciativa popular avalada per 600.000 firmes i amb el suport de 300 diputats. \u201cEl Partit Popular, que abans hi va donar suport, ara hi vota en contra\u201d, ha assenyalat, criticant el canvi de posici\u00f3 dels populars.<\/p>\n\n\n\n<p>Mercadal ha subratllat que \u201cles persones que demanin la regularitzaci\u00f3 s\u00f3n persones que contribueixen a l\u2019estabilitat i la prosperitat d\u2019Espanya. \u00c9s, per tant, un acte de reivindicaci\u00f3 hist\u00f2rica, coher\u00e8ncia, comprom\u00eds i just\u00edcia\u201d. A m\u00e9s, &#8220;no nom\u00e9s \u00e9s moralment correcte, sin\u00f3 que \u00e9s una bona decisi\u00f3 per a l&#8217;economia menorquina&#8221;.&nbsp;<\/p>\n","protected":false},"excerpt":{"rendered":"<p>El PSOE Menorca inicia avui un proc\u00e9s d\u2019assessorament gratu\u00eft, amb juristes que prestaran el servei de forma volunt\u00e0ria, dirigit a totes aquelles persones migrades de l&#8217;illa que necessitin suport per sol\u00b7licitar la regularitzaci\u00f3 extraordin\u00e0ria aprovada recentment pel Govern d\u2019Espanya. Aquesta iniciativa impulsada des de l&#8217;\u00e0mbit auton\u00f2mic t\u00e9 com a objectiu facilitar l\u2019acc\u00e9s a aquest procediment,&hellip;<\/p>\n","protected":false},"author":6,"featured_media":0,"comment_status":"closed","ping_status":"closed","sticky":false,"template":"","format":"standard","meta":{"footnotes":""},"categories":[2,1,92],"tags":[],"class_list":["post-27392","post","type-post","status-publish","format-standard","hentry","category-federacio-de-menorca","category-federacio-de-menorca-portada","category-portada"],"_links":{"self":[{"href":"https:\/\/www.psib-psoe.org\/menorca\/wp-json\/wp\/v2\/posts\/27392"}],"collection":[{"href":"https:\/\/www.psib-psoe.org\/menorca\/wp-json\/wp\/v2\/posts"}],"about":[{"href":"https:\/\/www.psib-psoe.org\/menorca\/wp-json\/wp\/v2\/types\/post"}],"author":[{"embeddable":true,"href":"https:\/\/www.psib-psoe.org\/menorca\/wp-json\/wp\/v2\/users\/6"}],"replies":[{"embeddable":true,"href":"https:\/\/www.psib-psoe.org\/menorca\/wp-json\/wp\/v2\/comments?post=27392"}],"version-history":[{"count":1,"href":"https:\/\/www.psib-psoe.org\/menorca\/wp-json\/wp\/v2\/posts\/27392\/revisions"}],"predecessor-version":[{"id":27393,"href":"https:\/\/www.psib-psoe.org\/menorca\/wp-json\/wp\/v2\/posts\/27392\/revisions\/27393"}],"wp:attachment":[{"href":"https:\/\/www.psib-psoe.org\/menorca\/wp-json\/wp\/v2\/media?parent=27392"}],"wp:term":[{"taxonomy":"category","embeddable":true,"href":"https:\/\/www.psib-psoe.org\/menorca\/wp-json\/wp\/v2\/categories?post=27392"},{"taxonomy":"post_tag","embeddable":true,"href":"https:\/\/www.psib-psoe.org\/menorca\/wp-json\/wp\/v2\/tags?post=27392"}],"curies":[{"name":"wp","href":"https:\/\/api.w.org\/{rel}","templated":true}]}}