{"id":27396,"date":"2026-04-22T18:29:44","date_gmt":"2026-04-22T16:29:44","guid":{"rendered":"https:\/\/www.psib-psoe.org\/menorca\/?p=27396"},"modified":"2026-04-22T18:29:46","modified_gmt":"2026-04-22T16:29:46","slug":"el-psoe-menorca-denuncia-el-fracas-del-pp-en-mobilitat-i-alerta-dun-nou-estiu-de-caos-a-les-carreteres","status":"publish","type":"post","link":"https:\/\/www.psib-psoe.org\/menorca\/el-psoe-menorca-denuncia-el-fracas-del-pp-en-mobilitat-i-alerta-dun-nou-estiu-de-caos-a-les-carreteres\/","title":{"rendered":"El PSOE Menorca denuncia el \u201cfrac\u00e0s\u201d del PP en mobilitat i alerta d\u2019un nou estiu de caos a les carreteres"},"content":{"rendered":"\n<p>El PSOE Menorca ha criticat la gesti\u00f3 de la mobilitat per part del govern del PP al Consell Insular, qualificant-la de \u201cfrac\u00e0s absolut\u201d despr\u00e9s de tres anys sense haver estat capa\u00e7os d\u2019aplicar mesures efectives per controlar l\u2019entrada de vehicles a l\u2019illa.<\/p>\n\n\n\n<p>Els socialistes recorden que, en el mandat anterior, ja es va deixar preparada la limitaci\u00f3 d\u2019entrada de vehicles, una eina clau per reduir la saturaci\u00f3 vi\u00e0ria durant els mesos d\u2019estiu. \u201cTres anys despr\u00e9s, el PP no nom\u00e9s no ha posat en marxa aquesta mesura, sin\u00f3 que ha demostrat una manca total de planificaci\u00f3\u201d, assenyalen.<\/p>\n\n\n\n<p>Tres anys despr\u00e9s i per la pressi\u00f3 dels menorquins i menorquines, aquest hivern el Consell ha volgut sortir del pas anunciant la instal\u00b7laci\u00f3 de c\u00e0meres als ports per comptar vehicles. \u201cAquest anunci ha provocat que s\u2019envi\u00efn els vehicles abans de que es posin les c\u00e0meres\u201d, critiquen.<\/p>\n\n\n\n<p>A m\u00e9s, els socialistes recorden que el PP va arribar a dir que no era necessari limitar per llei l\u2019entrada de vehicles. \u201cVan arribar a dir que, si hi havia massa cotxes, telefonarien a les navilieres per demanar-los que no en duguessin m\u00e9s. Suposam que ara el president del Consell far\u00e0 aquestes telefonades. A veure quin resultat tenen\u201d, ironitzen.<\/p>\n\n\n\n<p>Des del PSOE insisteixen que \u201cno fan falta ni c\u00e0meres ni telefonades, sabem el que hem de fer: els estudis mostren que haur\u00edem d\u2019arribar a redu\u00efr un 30% la quantitat de cotxes circulant per les nostres carreteres els mesos de juliol i agost\u201d.<\/p>\n\n\n\n<p>Aplicar la llei per limitar l\u2019entrada de vehicles \u201c\u00e9s nom\u00e9s una part de la soluci\u00f3, per\u00f2 a m\u00e9s tamb\u00e9 s\u2019ha de transformar la xarxa de transport p\u00fablic &#8211; una mesura amb qu\u00e8 el Consell tampoc est\u00e0 avan\u00e7ant gens\u201d.<\/p>\n\n\n\n<p>\u201cEl resultat de tot a\u00e7\u00f2 \u00e9s evident: aquest estiu ser\u00e0 un caos a les carreteres i als pobles, amb tants o m\u00e9s vehicles que en anys anteriors i, a m\u00e9s, amb infraestructures en obres\u201d, alerten. En aquest sentit, responsabilitzen directament el president del Consell per la \u201cinacci\u00f3\u201d durant aquests tres anys.<\/p>\n\n\n\n<p>Finalment, el PSOE Menorca ha anunciat que continuar\u00e0 pressionant per aconseguir mesures efectives. \u201cPresentarem mocions a tots els municipis, perqu\u00e8 els ajuntaments s\u00f3n els primers que pateixen les conseq\u00fc\u00e8ncies d\u2019aquest caos, tant en la circulaci\u00f3 com en els aparcaments\u201d, expliquen. Els socialistes es mostren conven\u00e7uts que molts batles i batlesses, tamb\u00e9 del PP, \u201chaurien volgut que el Consell hagu\u00e9s actuat molt abans\u201d<\/p>\n","protected":false},"excerpt":{"rendered":"<p>El PSOE Menorca ha criticat la gesti\u00f3 de la mobilitat per part del govern del PP al Consell Insular, qualificant-la de \u201cfrac\u00e0s absolut\u201d despr\u00e9s de tres anys sense haver estat capa\u00e7os d\u2019aplicar mesures efectives per controlar l\u2019entrada de vehicles a l\u2019illa. Els socialistes recorden que, en el mandat anterior, ja es va deixar preparada la&hellip;<\/p>\n","protected":false},"author":6,"featured_media":0,"comment_status":"closed","ping_status":"closed","sticky":false,"template":"","format":"standard","meta":{"footnotes":""},"categories":[2,1,92],"tags":[],"class_list":["post-27396","post","type-post","status-publish","format-standard","hentry","category-federacio-de-menorca","category-federacio-de-menorca-portada","category-portada"],"_links":{"self":[{"href":"https:\/\/www.psib-psoe.org\/menorca\/wp-json\/wp\/v2\/posts\/27396"}],"collection":[{"href":"https:\/\/www.psib-psoe.org\/menorca\/wp-json\/wp\/v2\/posts"}],"about":[{"href":"https:\/\/www.psib-psoe.org\/menorca\/wp-json\/wp\/v2\/types\/post"}],"author":[{"embeddable":true,"href":"https:\/\/www.psib-psoe.org\/menorca\/wp-json\/wp\/v2\/users\/6"}],"replies":[{"embeddable":true,"href":"https:\/\/www.psib-psoe.org\/menorca\/wp-json\/wp\/v2\/comments?post=27396"}],"version-history":[{"count":1,"href":"https:\/\/www.psib-psoe.org\/menorca\/wp-json\/wp\/v2\/posts\/27396\/revisions"}],"predecessor-version":[{"id":27397,"href":"https:\/\/www.psib-psoe.org\/menorca\/wp-json\/wp\/v2\/posts\/27396\/revisions\/27397"}],"wp:attachment":[{"href":"https:\/\/www.psib-psoe.org\/menorca\/wp-json\/wp\/v2\/media?parent=27396"}],"wp:term":[{"taxonomy":"category","embeddable":true,"href":"https:\/\/www.psib-psoe.org\/menorca\/wp-json\/wp\/v2\/categories?post=27396"},{"taxonomy":"post_tag","embeddable":true,"href":"https:\/\/www.psib-psoe.org\/menorca\/wp-json\/wp\/v2\/tags?post=27396"}],"curies":[{"name":"wp","href":"https:\/\/api.w.org\/{rel}","templated":true}]}}