{"id":27398,"date":"2026-04-23T09:18:18","date_gmt":"2026-04-23T07:18:18","guid":{"rendered":"https:\/\/www.psib-psoe.org\/menorca\/?p=27398"},"modified":"2026-04-24T09:19:48","modified_gmt":"2026-04-24T07:19:48","slug":"el-psoe-menorca-denuncia-que-la-modificacio-de-la-llei-de-ports-afavoreix-interessos-privats","status":"publish","type":"post","link":"https:\/\/www.psib-psoe.org\/menorca\/el-psoe-menorca-denuncia-que-la-modificacio-de-la-llei-de-ports-afavoreix-interessos-privats\/","title":{"rendered":"El PSOE Menorca denuncia que la modificaci\u00f3 de la Llei de Ports afavoreix interessos privats"},"content":{"rendered":"<div class=\"wp-block-image\">\n<figure class=\"alignleft size-large is-resized\"><img loading=\"lazy\" decoding=\"async\" width=\"1024\" height=\"683\" src=\"http:\/\/www.psib-psoe.org\/menorca\/wp-content\/uploads\/Mercadal-i-Pons-edited-1024x683.jpg\" alt=\"\" class=\"wp-image-27104\" style=\"width:240px;height:auto\" srcset=\"https:\/\/www.psib-psoe.org\/menorca\/wp-content\/uploads\/Mercadal-i-Pons-edited-1024x683.jpg 1024w, https:\/\/www.psib-psoe.org\/menorca\/wp-content\/uploads\/Mercadal-i-Pons-edited-300x200.jpg 300w, https:\/\/www.psib-psoe.org\/menorca\/wp-content\/uploads\/Mercadal-i-Pons-edited-768x512.jpg 768w, https:\/\/www.psib-psoe.org\/menorca\/wp-content\/uploads\/Mercadal-i-Pons-edited-1536x1024.jpg 1536w, https:\/\/www.psib-psoe.org\/menorca\/wp-content\/uploads\/Mercadal-i-Pons-edited-2048x1365.jpg 2048w, https:\/\/www.psib-psoe.org\/menorca\/wp-content\/uploads\/Mercadal-i-Pons-edited-150x100.jpg 150w, https:\/\/www.psib-psoe.org\/menorca\/wp-content\/uploads\/Mercadal-i-Pons-edited-600x400.jpg 600w, https:\/\/www.psib-psoe.org\/menorca\/wp-content\/uploads\/Mercadal-i-Pons-edited-900x600.jpg 900w, https:\/\/www.psib-psoe.org\/menorca\/wp-content\/uploads\/Mercadal-i-Pons-edited-20x13.jpg 20w\" sizes=\"(max-width: 1024px) 100vw, 1024px\" \/><\/figure><\/div>\n\n\n<p>El PSOE Menorca denuncia que la modificaci\u00f3 de la Llei de Ports impulsada pel PP i Vox, dictaminada ahir a la comissi\u00f3 del Parlament de les Illes Balears, respon a una clara voluntat de beneficiar interessos privats en detriment de l\u2019inter\u00e8s general.<\/p>\n\n\n\n<p>Els socialistes denuncien que aquesta normativa pret\u00e9n ampliar els terminis m\u00e0xims de les concessions portu\u00e0ries fins als 50 anys, allargant-les 15 anys m\u00e9s del que permet la normativa actual. A m\u00e9s, ho fa sense tenir en compte el concurs p\u00fablic i ho fa a trav\u00e9s d\u2019adjudicacions directes que afavoreixen els gestors privats de ports esportius i consoliden privilegis per als m\u00e9s poderosos.<\/p>\n\n\n\n<p>Davant aquesta situaci\u00f3, el PSOE va presentar un paquet d\u2019esmenes amb l\u2019objectiu d\u2019introduir criteris d\u2019equitat i transpar\u00e8ncia. Entre aquestes, es proposava diferenciar entre marines privades i clubs n\u00e0utics, a fi que les entitats sense \u00e0nim de lucre poguessin allargar les seves concessions, mentre que els gestors privats haguessin de sotmetre\u2019s a nous concursos p\u00fablics un cop finalitzades.&nbsp;<\/p>\n\n\n\n<p>Tamb\u00e9 es demanava l\u2019actualitzaci\u00f3 de la Llei de Ports de 2005 i incorporar millores necess\u00e0ries. Per exemple, garantir la prioritat dels residents en les llistes d\u2019espera per obtenir un amarrament; establir una reserva m\u00ednima del 3% dels ports per a embarcacions tradicionals de vela llatina; impulsar la gesti\u00f3 p\u00fablica de Cala en Bosc, aix\u00ed com introduir millores ambientals als espais portuaris. Aquest segon bloc d\u2019esmenes tamb\u00e9 va ser rebutjat en la seva totalitat.<\/p>\n\n\n\n<p>Les esmenes van ser rebutjades pel PP, que es mant\u00e9 en la seva posici\u00f3 d\u2019allargar les concessions als gestors privats sense concurr\u00e8ncia p\u00fablica.<\/p>\n\n\n\n<p>El diputat Marc Pons denuncia que la modificaci\u00f3 aprovada \u201cconsolida un model que beneficia uns pocs\u201d, atorgant-los m\u00e9s anys de concessi\u00f3 sense compet\u00e8ncia p\u00fablica per incrementar beneficis milionaris per a determinats interessos privats.<\/p>\n","protected":false},"excerpt":{"rendered":"<p>El PSOE Menorca denuncia que la modificaci\u00f3 de la Llei de Ports impulsada pel PP i Vox, dictaminada ahir a la comissi\u00f3 del Parlament de les Illes Balears, respon a una clara voluntat de beneficiar interessos privats en detriment de l\u2019inter\u00e8s general. Els socialistes denuncien que aquesta normativa pret\u00e9n ampliar els terminis m\u00e0xims de les&hellip;<\/p>\n","protected":false},"author":6,"featured_media":27104,"comment_status":"closed","ping_status":"closed","sticky":false,"template":"","format":"standard","meta":{"footnotes":""},"categories":[2,1,92],"tags":[],"class_list":["post-27398","post","type-post","status-publish","format-standard","has-post-thumbnail","hentry","category-federacio-de-menorca","category-federacio-de-menorca-portada","category-portada"],"_links":{"self":[{"href":"https:\/\/www.psib-psoe.org\/menorca\/wp-json\/wp\/v2\/posts\/27398"}],"collection":[{"href":"https:\/\/www.psib-psoe.org\/menorca\/wp-json\/wp\/v2\/posts"}],"about":[{"href":"https:\/\/www.psib-psoe.org\/menorca\/wp-json\/wp\/v2\/types\/post"}],"author":[{"embeddable":true,"href":"https:\/\/www.psib-psoe.org\/menorca\/wp-json\/wp\/v2\/users\/6"}],"replies":[{"embeddable":true,"href":"https:\/\/www.psib-psoe.org\/menorca\/wp-json\/wp\/v2\/comments?post=27398"}],"version-history":[{"count":1,"href":"https:\/\/www.psib-psoe.org\/menorca\/wp-json\/wp\/v2\/posts\/27398\/revisions"}],"predecessor-version":[{"id":27399,"href":"https:\/\/www.psib-psoe.org\/menorca\/wp-json\/wp\/v2\/posts\/27398\/revisions\/27399"}],"wp:featuredmedia":[{"embeddable":true,"href":"https:\/\/www.psib-psoe.org\/menorca\/wp-json\/wp\/v2\/media\/27104"}],"wp:attachment":[{"href":"https:\/\/www.psib-psoe.org\/menorca\/wp-json\/wp\/v2\/media?parent=27398"}],"wp:term":[{"taxonomy":"category","embeddable":true,"href":"https:\/\/www.psib-psoe.org\/menorca\/wp-json\/wp\/v2\/categories?post=27398"},{"taxonomy":"post_tag","embeddable":true,"href":"https:\/\/www.psib-psoe.org\/menorca\/wp-json\/wp\/v2\/tags?post=27398"}],"curies":[{"name":"wp","href":"https:\/\/api.w.org\/{rel}","templated":true}]}}