{"id":27400,"date":"2026-04-24T09:21:37","date_gmt":"2026-04-24T07:21:37","guid":{"rendered":"https:\/\/www.psib-psoe.org\/menorca\/?p=27400"},"modified":"2026-04-24T09:21:39","modified_gmt":"2026-04-24T07:21:39","slug":"carol-marques-nova-regidora-del-psoe-sant-lluis","status":"publish","type":"post","link":"https:\/\/www.psib-psoe.org\/menorca\/carol-marques-nova-regidora-del-psoe-sant-lluis\/","title":{"rendered":"Carol Marqu\u00e8s, nova regidora del PSOE Sant Llu\u00eds"},"content":{"rendered":"<div class=\"wp-block-image\">\n<figure class=\"alignleft size-full is-resized\"><img loading=\"lazy\" decoding=\"async\" width=\"923\" height=\"485\" src=\"http:\/\/www.psib-psoe.org\/menorca\/wp-content\/uploads\/Captura-de-pantalla-2025-11-11-a-les-15.33.20.png\" alt=\"\" class=\"wp-image-27190\" style=\"width:318px;height:auto\" srcset=\"https:\/\/www.psib-psoe.org\/menorca\/wp-content\/uploads\/Captura-de-pantalla-2025-11-11-a-les-15.33.20.png 923w, https:\/\/www.psib-psoe.org\/menorca\/wp-content\/uploads\/Captura-de-pantalla-2025-11-11-a-les-15.33.20-300x158.png 300w, https:\/\/www.psib-psoe.org\/menorca\/wp-content\/uploads\/Captura-de-pantalla-2025-11-11-a-les-15.33.20-768x404.png 768w, https:\/\/www.psib-psoe.org\/menorca\/wp-content\/uploads\/Captura-de-pantalla-2025-11-11-a-les-15.33.20-20x11.png 20w, https:\/\/www.psib-psoe.org\/menorca\/wp-content\/uploads\/Captura-de-pantalla-2025-11-11-a-les-15.33.20-150x79.png 150w, https:\/\/www.psib-psoe.org\/menorca\/wp-content\/uploads\/Captura-de-pantalla-2025-11-11-a-les-15.33.20-600x315.png 600w, https:\/\/www.psib-psoe.org\/menorca\/wp-content\/uploads\/Captura-de-pantalla-2025-11-11-a-les-15.33.20-900x473.png 900w\" sizes=\"(max-width: 923px) 100vw, 923px\" \/><\/figure><\/div>\n\n\n<p>El PSOE Sant Llu\u00eds informa que el regidor Alonso Santos ha presentat la seva dimissi\u00f3 del c\u00e0rrec per motius personals i professionals. Aix\u00ed mateix, el seg\u00fcent membre de la llista, \u00d3scar Monge, tamb\u00e9 ha comunicat la seva ren\u00fancia a incorporar-se al c\u00e0rrec per motius personals.<\/p>\n\n\n\n<p>Davant aquesta situaci\u00f3, ser\u00e0 Carol Marqu\u00e8s qui assumir\u00e0 el c\u00e0rrec de regidora al consistori, previsiblement el mes seg\u00fcent. Des del partit es valora molt positivament la seva incorporaci\u00f3, conven\u00e7uts que aportar\u00e0 energia, comprom\u00eds i capacitat de treball per refor\u00e7ar el projecte socialista al municipi.<\/p>\n\n\n\n<p>El PSOE Sant Llu\u00eds continua fent feina per consolidar una alternativa s\u00f2lida i il\u00b7lusionant, amb l\u2019objectiu de guanyar les eleccions municipals de 2027 i oferir el millor projecte per al futur del municipi.<\/p>\n\n\n\n<p>El partit agraeix la feina i dedicaci\u00f3 d\u2019Alonso Alfonso durant la seva etapa com a regidor, aix\u00ed com la disposici\u00f3 d\u2019\u00d3scar Monge, i dona la benvinguda a Carol Marqu\u00e8s en aquesta nova etapa.<\/p>\n","protected":false},"excerpt":{"rendered":"<p>El PSOE Sant Llu\u00eds informa que el regidor Alonso Santos ha presentat la seva dimissi\u00f3 del c\u00e0rrec per motius personals i professionals. Aix\u00ed mateix, el seg\u00fcent membre de la llista, \u00d3scar Monge, tamb\u00e9 ha comunicat la seva ren\u00fancia a incorporar-se al c\u00e0rrec per motius personals. Davant aquesta situaci\u00f3, ser\u00e0 Carol Marqu\u00e8s qui assumir\u00e0 el c\u00e0rrec&hellip;<\/p>\n","protected":false},"author":6,"featured_media":27190,"comment_status":"closed","ping_status":"closed","sticky":false,"template":"","format":"standard","meta":{"footnotes":""},"categories":[2,1,92],"tags":[],"class_list":["post-27400","post","type-post","status-publish","format-standard","has-post-thumbnail","hentry","category-federacio-de-menorca","category-federacio-de-menorca-portada","category-portada"],"_links":{"self":[{"href":"https:\/\/www.psib-psoe.org\/menorca\/wp-json\/wp\/v2\/posts\/27400"}],"collection":[{"href":"https:\/\/www.psib-psoe.org\/menorca\/wp-json\/wp\/v2\/posts"}],"about":[{"href":"https:\/\/www.psib-psoe.org\/menorca\/wp-json\/wp\/v2\/types\/post"}],"author":[{"embeddable":true,"href":"https:\/\/www.psib-psoe.org\/menorca\/wp-json\/wp\/v2\/users\/6"}],"replies":[{"embeddable":true,"href":"https:\/\/www.psib-psoe.org\/menorca\/wp-json\/wp\/v2\/comments?post=27400"}],"version-history":[{"count":1,"href":"https:\/\/www.psib-psoe.org\/menorca\/wp-json\/wp\/v2\/posts\/27400\/revisions"}],"predecessor-version":[{"id":27401,"href":"https:\/\/www.psib-psoe.org\/menorca\/wp-json\/wp\/v2\/posts\/27400\/revisions\/27401"}],"wp:featuredmedia":[{"embeddable":true,"href":"https:\/\/www.psib-psoe.org\/menorca\/wp-json\/wp\/v2\/media\/27190"}],"wp:attachment":[{"href":"https:\/\/www.psib-psoe.org\/menorca\/wp-json\/wp\/v2\/media?parent=27400"}],"wp:term":[{"taxonomy":"category","embeddable":true,"href":"https:\/\/www.psib-psoe.org\/menorca\/wp-json\/wp\/v2\/categories?post=27400"},{"taxonomy":"post_tag","embeddable":true,"href":"https:\/\/www.psib-psoe.org\/menorca\/wp-json\/wp\/v2\/tags?post=27400"}],"curies":[{"name":"wp","href":"https:\/\/api.w.org\/{rel}","templated":true}]}}