{"id":27402,"date":"2026-04-21T09:28:53","date_gmt":"2026-04-21T07:28:53","guid":{"rendered":"https:\/\/www.psib-psoe.org\/menorca\/?p=27402"},"modified":"2026-04-24T09:29:45","modified_gmt":"2026-04-24T07:29:45","slug":"el-psoe-menorca-i-mes-per-menorca-denuncien-que-el-pp-trenca-el-consens-linguistic-votant-contra-el-correllengua-2","status":"publish","type":"post","link":"https:\/\/www.psib-psoe.org\/menorca\/el-psoe-menorca-i-mes-per-menorca-denuncien-que-el-pp-trenca-el-consens-linguistic-votant-contra-el-correllengua-2\/","title":{"rendered":"El PSOE Menorca i M\u00e9s per Menorca denuncien que el PP trenca el consens ling\u00fc\u00edstic votant contra el Correllengua"},"content":{"rendered":"\n<p>El PSOE Menorca i M\u00e9s per Menorca denuncien el vot en contra del PP a la proposta d\u2019acord en suport al Correllengua presentada conjuntament per ambdues formacions al ple del Consell de Menorca. Els promotors de la iniciativa no esperavem un vot contrari, ja que el Partit Popular ha votat a favor d\u2019una moci\u00f3 molt similar al Consell Insular de Mallorca, aix\u00ed com a alguns ajuntaments mallorquins com Sa Pobla, Felanitx o Algaida.<\/p>\n\n\n\n<p>Aquesta decisi\u00f3, per tant, demostra que el PP Menorca i el PP de Mallorca tenen posicions contr\u00e0ries. A Menorca, els populars demostren una visi\u00f3 diferent sobre la llengua a la dels seus companys de partit mallorquins.<\/p>\n\n\n\n<p>Tant PSOE Menorca com M\u00e9s per Menorca volen posar en valor el Correllengua com una iniciativa de promoci\u00f3 de la llengua catalana i de la seva unitat, sempre des del respecte a cadascuna de les seves variants ling\u00fc\u00edstiques, incl\u00f2s el menorqu\u00ed. Es tracta d\u2019una tasca necess\u00e0ria que hist\u00f2ricament ha gaudit d\u2019un ampli consens social i pol\u00edtic, tal com demostra l\u2019aprovaci\u00f3 un\u00e0nime de la Llei de normalitzaci\u00f3 ling\u00fc\u00edstica. Malauradament, aquest consens el PP ha decidit rompre\u2019l a Menorca.<\/p>\n\n\n\n<p>El conseller de Cultura, Joan Pons Torres, tenia l&#8217;oportunitat de demostrar que complia amb la seva responsabilitat de protegir i promoure la llengua pr\u00f2pia, per\u00f2 va optar una vegada m\u00e9s per exposar la seva catalanof\u00f2bia a la qual ens t\u00e9 acostumats. En aquest sentit, consideram que el PP a Menorca ha romput el consens entorn de la unitat de la llengua catalana perqu\u00e8 est\u00e0 liderat per negacionistes ling\u00fc\u00edstics, com s\u00f3n tant el conseller de Cultura com el mateix president del Consell. La decisi\u00f3 de no donar suport al Correllengua se suma a l\u2019aprovaci\u00f3 d\u2019un reglament ling\u00fc\u00edstic que pret\u00e9n segregar el menorqu\u00ed de la llengua catalana, una iniciativa que \u00e9s il\u00b7legal i que no t\u00e9 cap aval cient\u00edfic.<\/p>\n\n\n\n<p>La difer\u00e8ncia, ara, \u00e9s que el PP Menorca contradiu el PP Mallorca, mostrant-se com la branca radical del PP Balears en mat\u00e8ria ling\u00fc\u00edstica. Aquesta deriva \u00e9s molt preocupant i des dels nostres respectius partits instam als moderats dins del Partit Popular a fer recapacitar els seus dirigents perqu\u00e8 recuperem el consens entorn a la llengua.<\/p>\n","protected":false},"excerpt":{"rendered":"<p>El PSOE Menorca i M\u00e9s per Menorca denuncien el vot en contra del PP a la proposta d\u2019acord en suport al Correllengua presentada conjuntament per ambdues formacions al ple del Consell de Menorca. Els promotors de la iniciativa no esperavem un vot contrari, ja que el Partit Popular ha votat a favor d\u2019una moci\u00f3 molt&hellip;<\/p>\n","protected":false},"author":6,"featured_media":0,"comment_status":"closed","ping_status":"closed","sticky":false,"template":"","format":"standard","meta":{"footnotes":""},"categories":[2,1,92],"tags":[],"class_list":["post-27402","post","type-post","status-publish","format-standard","hentry","category-federacio-de-menorca","category-federacio-de-menorca-portada","category-portada"],"_links":{"self":[{"href":"https:\/\/www.psib-psoe.org\/menorca\/wp-json\/wp\/v2\/posts\/27402"}],"collection":[{"href":"https:\/\/www.psib-psoe.org\/menorca\/wp-json\/wp\/v2\/posts"}],"about":[{"href":"https:\/\/www.psib-psoe.org\/menorca\/wp-json\/wp\/v2\/types\/post"}],"author":[{"embeddable":true,"href":"https:\/\/www.psib-psoe.org\/menorca\/wp-json\/wp\/v2\/users\/6"}],"replies":[{"embeddable":true,"href":"https:\/\/www.psib-psoe.org\/menorca\/wp-json\/wp\/v2\/comments?post=27402"}],"version-history":[{"count":1,"href":"https:\/\/www.psib-psoe.org\/menorca\/wp-json\/wp\/v2\/posts\/27402\/revisions"}],"predecessor-version":[{"id":27403,"href":"https:\/\/www.psib-psoe.org\/menorca\/wp-json\/wp\/v2\/posts\/27402\/revisions\/27403"}],"wp:attachment":[{"href":"https:\/\/www.psib-psoe.org\/menorca\/wp-json\/wp\/v2\/media?parent=27402"}],"wp:term":[{"taxonomy":"category","embeddable":true,"href":"https:\/\/www.psib-psoe.org\/menorca\/wp-json\/wp\/v2\/categories?post=27402"},{"taxonomy":"post_tag","embeddable":true,"href":"https:\/\/www.psib-psoe.org\/menorca\/wp-json\/wp\/v2\/tags?post=27402"}],"curies":[{"name":"wp","href":"https:\/\/api.w.org\/{rel}","templated":true}]}}