{"id":27405,"date":"2026-04-27T17:14:09","date_gmt":"2026-04-27T15:14:09","guid":{"rendered":"https:\/\/www.psib-psoe.org\/menorca\/?p=27405"},"modified":"2026-04-27T17:14:12","modified_gmt":"2026-04-27T15:14:12","slug":"el-mon-que-volem-i-els-valors-que-practicam-per-pepe-mercadal","status":"publish","type":"post","link":"https:\/\/www.psib-psoe.org\/menorca\/el-mon-que-volem-i-els-valors-que-practicam-per-pepe-mercadal\/","title":{"rendered":"&#8220;El m\u00f3n que volem i els valors que practicam&#8221;, per Pepe Mercadal"},"content":{"rendered":"<div class=\"wp-block-image\">\n<figure class=\"alignleft size-large is-resized\"><img loading=\"lazy\" decoding=\"async\" width=\"1024\" height=\"683\" src=\"http:\/\/www.psib-psoe.org\/menorca\/wp-content\/uploads\/Pepe-Mercadal-Congres-2-1024x683.jpg\" alt=\"\" class=\"wp-image-27406\" style=\"width:435px;height:auto\" srcset=\"https:\/\/www.psib-psoe.org\/menorca\/wp-content\/uploads\/Pepe-Mercadal-Congres-2-1024x683.jpg 1024w, https:\/\/www.psib-psoe.org\/menorca\/wp-content\/uploads\/Pepe-Mercadal-Congres-2-300x200.jpg 300w, https:\/\/www.psib-psoe.org\/menorca\/wp-content\/uploads\/Pepe-Mercadal-Congres-2-768x512.jpg 768w, https:\/\/www.psib-psoe.org\/menorca\/wp-content\/uploads\/Pepe-Mercadal-Congres-2-1536x1025.jpg 1536w, https:\/\/www.psib-psoe.org\/menorca\/wp-content\/uploads\/Pepe-Mercadal-Congres-2-2048x1366.jpg 2048w, https:\/\/www.psib-psoe.org\/menorca\/wp-content\/uploads\/Pepe-Mercadal-Congres-2-150x100.jpg 150w, https:\/\/www.psib-psoe.org\/menorca\/wp-content\/uploads\/Pepe-Mercadal-Congres-2-600x400.jpg 600w, https:\/\/www.psib-psoe.org\/menorca\/wp-content\/uploads\/Pepe-Mercadal-Congres-2-900x600.jpg 900w, https:\/\/www.psib-psoe.org\/menorca\/wp-content\/uploads\/Pepe-Mercadal-Congres-2-20x13.jpg 20w\" sizes=\"(max-width: 1024px) 100vw, 1024px\" \/><\/figure><\/div>\n\n\n<p>En el context actual, defensar un m\u00f3n en pau, segur, democr\u00e0tic i amb oportunitats de desenvolupament per a tothom, sembla una utopia. Per\u00f2 ning\u00fa es pot oposar f\u00e0cilment a aquest ideal.<\/p>\n\n\n\n<p>Pens que, m\u00e9s que idealista, voler aquest m\u00f3n millor \u00e9s ser humanista. \u00c9s creure en la igualtat de tots els \u00e9ssers humans que hi vivim. En el dret que tenim tots i totes de desenvolupar-nos, de millorar les nostres condicions de vida, d\u2019aprendre i de con\u00e8ixer.<\/p>\n\n\n\n<p>La Segona Guerra Mundial va ser un dels episodis m\u00e9s tristos de la humanitat perqu\u00e8 el r\u00e8gim nazi es va basar en un valor antag\u00f2nic a l\u2019humanisme i la igualtat: la superioritat racial. Que un grup social es cregui superior a la resta i utilitzi el poder per portar aquesta superioritat a la pr\u00e0ctica va ser el que ens va portar al genocidi. Cambodja, Ruanda, B\u00f2snia i, m\u00e9s recentment, Palestina, s\u00f3n altres exemples de genocidis dels darrers cinquanta anys \u2013 tots basats en algun tipus de sentiment de superioritat.<\/p>\n\n\n\n<p>Creure\u2019t superior als altres pot comen\u00e7ar per exigir m\u00e9s drets que aquells a qui veus com a inferiors. El que no se sap \u00e9s on acabar\u00e0, on hi ha el l\u00edmit d\u2019aquesta actitud. De vegades, com en els genocidis, ha arribat a l\u2019extrem de l\u2019extermini dels diferents.<\/p>\n\n\n\n<p>Si Trump es creu amb el dret d\u2019atacar altres pa\u00efsos \u00e9s probablement perqu\u00e8 es creu superior. Les seves decisions es basen en aquesta superioritat que sent.&nbsp;<\/p>\n\n\n\n<p>Sentir-nos superiors a altres ens divideix, la divisi\u00f3 porta al conflicte i el conflicte a la pobresa. Creure en la igualtat, en qu\u00e8 tots som humans, tots vivim al mateix planeta i tenim problemes similars, ens uneix per solucionar aquests problemes i viure millor.<\/p>\n\n\n\n<p>Jo pens que el sistema democr\u00e0tic \u00e9s el millor sistema pol\u00edtic que hi ha al m\u00f3n. No per aix\u00f2, pens que els pa\u00efsos democr\u00e0tics l\u2019haguem d\u2019imposar als no democr\u00e0tics. Aquesta \u00e9s, en s\u00ed, una actitud antidemocr\u00e0tica. Per definici\u00f3, la democr\u00e0cia neix de baix, dels pobles, no d\u2019imposicions.&nbsp;<\/p>\n\n\n\n<p>Si volem que m\u00e9s pa\u00efsos siguin democr\u00e0tics, els pa\u00efsos que ho som l\u2019hem de fer atractiva. Durant d\u00e8cades ho vam aconseguir. Els drets, les llibertats i les oportunitats que tenim a les societats democr\u00e0tiques ens feien un model anhelat per altres pobles que, per una via o una altra, van aconseguir construir una democr\u00e0cia a casa seva.<\/p>\n\n\n\n<p>Avui, per\u00f2, una s\u00e8rie de governants que practiquen el valor de la superioritat han deteriorat la imatge de les democr\u00e0cies. Quina lli\u00e7\u00f3 donaran els que han com\u00e8s o perm\u00e8s el genocidi al poble palest\u00ed? Quin exemple pot ser el pa\u00eds que ha atacat il\u00b7legalment l\u2019Iran provocant una molt probable crisi econ\u00f2mica mundial? Quin model serien les societats que vol l\u2019extrema dreta, societats xen\u00f2fobes que exclouen les persones que arriben d\u2019altres indrets cercant d\u2019oportunitats?<\/p>\n\n\n\n<p>Si volem estendre la democr\u00e0cia i viure en pau, primer hem de comen\u00e7ar practicant a casa els valors que ho faran possible: l\u2019humanisme, la igualtat i la solidaritat. Per a\u00e7\u00f2, defens la regularitzaci\u00f3 de les persones que han arribat per viure i treballar al nostre pa\u00eds. Perqu\u00e8 no tenir papers \u00e9s no tenir drets. Jo vull que totes les persones que treballen a Espanya ho facin amb un contracte. \u00c9s a dir, amb drets i obligacions, com tothom.<\/p>\n\n\n\n<p>S\u00f3n iniciatives com aquesta les que aporten dignitat a les democr\u00e0cies. Ens fan ser vistos com a sistemes que defensen la igualtat i no com sistemes que es creuen superiors a la resta. Aquests s\u00f3n els valors que necessitam si realment volem un m\u00f3n millor.&nbsp;<\/p>\n","protected":false},"excerpt":{"rendered":"<p>En el context actual, defensar un m\u00f3n en pau, segur, democr\u00e0tic i amb oportunitats de desenvolupament per a tothom, sembla una utopia. Per\u00f2 ning\u00fa es pot oposar f\u00e0cilment a aquest ideal. Pens que, m\u00e9s que idealista, voler aquest m\u00f3n millor \u00e9s ser humanista. \u00c9s creure en la igualtat de tots els \u00e9ssers humans que hi&hellip;<\/p>\n","protected":false},"author":6,"featured_media":27406,"comment_status":"closed","ping_status":"closed","sticky":false,"template":"","format":"standard","meta":{"footnotes":""},"categories":[2,1,92],"tags":[],"class_list":["post-27405","post","type-post","status-publish","format-standard","has-post-thumbnail","hentry","category-federacio-de-menorca","category-federacio-de-menorca-portada","category-portada"],"_links":{"self":[{"href":"https:\/\/www.psib-psoe.org\/menorca\/wp-json\/wp\/v2\/posts\/27405"}],"collection":[{"href":"https:\/\/www.psib-psoe.org\/menorca\/wp-json\/wp\/v2\/posts"}],"about":[{"href":"https:\/\/www.psib-psoe.org\/menorca\/wp-json\/wp\/v2\/types\/post"}],"author":[{"embeddable":true,"href":"https:\/\/www.psib-psoe.org\/menorca\/wp-json\/wp\/v2\/users\/6"}],"replies":[{"embeddable":true,"href":"https:\/\/www.psib-psoe.org\/menorca\/wp-json\/wp\/v2\/comments?post=27405"}],"version-history":[{"count":1,"href":"https:\/\/www.psib-psoe.org\/menorca\/wp-json\/wp\/v2\/posts\/27405\/revisions"}],"predecessor-version":[{"id":27407,"href":"https:\/\/www.psib-psoe.org\/menorca\/wp-json\/wp\/v2\/posts\/27405\/revisions\/27407"}],"wp:featuredmedia":[{"embeddable":true,"href":"https:\/\/www.psib-psoe.org\/menorca\/wp-json\/wp\/v2\/media\/27406"}],"wp:attachment":[{"href":"https:\/\/www.psib-psoe.org\/menorca\/wp-json\/wp\/v2\/media?parent=27405"}],"wp:term":[{"taxonomy":"category","embeddable":true,"href":"https:\/\/www.psib-psoe.org\/menorca\/wp-json\/wp\/v2\/categories?post=27405"},{"taxonomy":"post_tag","embeddable":true,"href":"https:\/\/www.psib-psoe.org\/menorca\/wp-json\/wp\/v2\/tags?post=27405"}],"curies":[{"name":"wp","href":"https:\/\/api.w.org\/{rel}","templated":true}]}}