{"id":27408,"date":"2026-04-29T18:42:00","date_gmt":"2026-04-29T16:42:00","guid":{"rendered":"https:\/\/www.psib-psoe.org\/menorca\/?p=27408"},"modified":"2026-04-29T18:42:03","modified_gmt":"2026-04-29T16:42:03","slug":"el-psoe-menorca-i-ugt-homenatgen-jose-reyes-pel-seu-compromis-amb-els-drets-dels-treballadors","status":"publish","type":"post","link":"https:\/\/www.psib-psoe.org\/menorca\/el-psoe-menorca-i-ugt-homenatgen-jose-reyes-pel-seu-compromis-amb-els-drets-dels-treballadors\/","title":{"rendered":"El PSOE Menorca i UGT homenatgen Jos\u00e9 Reyes pel seu comprom\u00eds amb els drets dels treballadors"},"content":{"rendered":"\n<p>El PSOE Menorca i UGT han posat en marxa enguany una iniciativa conjunta per recon\u00e8ixer, cada 1 de maig, persones de Menorca que han militat en ambdues orgaitzacions i que han estat impulsores de millores laborals en benefici del conjunt dels treballadors i treballadores de Menorca.<\/p>\n\n\n\n<p>Aquest any es far\u00e0 un homenatge i reconeixement a Jos\u00e9 Reyes Bazalo, qui va exercir com a secretari general d&#8217;UGT Menorca durant 14 anys, entre el 1994 fins el 2009. A m\u00e9s, tamb\u00e9 va formar part de l&#8217;agrupaci\u00f3 socialista des Castell i va ser un dels dirigents sindicals m\u00e9s destacats de l&#8217;illa, reconegut per la seva implicaci\u00f3 i ferm comprom\u00eds amb valors socialistes.&nbsp;<\/p>\n\n\n\n<p>El secretari general del PSOE Menorca, Pepe Mercadal, ha destacat que &#8220;Reyes va ser una persona que sempre va defensar amb fermesa els treballadors i treballadores, oferint-los informaci\u00f3 i acompanyament, especialment en moments especialment dif\u00edcils per a l&#8217;economia, com la crisi de 2008, en qu\u00e8 sindicats com UGT van tenir un paper fonamental&#8221;.&nbsp;<\/p>\n\n\n\n<p>Aix\u00ed mateix, Mercadal ha recrodat Reyes com &#8220;una persona dialogant, amb un car\u00e0cter conciliador i ferm defensor dels drets de tothom&#8221;, i ha subratllat que &#8220;aquest homenatge, que tindr\u00e0 lloc el pr\u00f2xim divendres dia 1 de maig, a les 10 hores al parc des Freginal de Ma\u00f3, \u00e9s m\u00e9s que merescut&#8221;.<\/p>\n","protected":false},"excerpt":{"rendered":"<p>El PSOE Menorca i UGT han posat en marxa enguany una iniciativa conjunta per recon\u00e8ixer, cada 1 de maig, persones de Menorca que han militat en ambdues orgaitzacions i que han estat impulsores de millores laborals en benefici del conjunt dels treballadors i treballadores de Menorca. Aquest any es far\u00e0 un homenatge i reconeixement a&hellip;<\/p>\n","protected":false},"author":6,"featured_media":0,"comment_status":"closed","ping_status":"closed","sticky":false,"template":"","format":"standard","meta":{"footnotes":""},"categories":[2,1,92],"tags":[],"class_list":["post-27408","post","type-post","status-publish","format-standard","hentry","category-federacio-de-menorca","category-federacio-de-menorca-portada","category-portada"],"_links":{"self":[{"href":"https:\/\/www.psib-psoe.org\/menorca\/wp-json\/wp\/v2\/posts\/27408"}],"collection":[{"href":"https:\/\/www.psib-psoe.org\/menorca\/wp-json\/wp\/v2\/posts"}],"about":[{"href":"https:\/\/www.psib-psoe.org\/menorca\/wp-json\/wp\/v2\/types\/post"}],"author":[{"embeddable":true,"href":"https:\/\/www.psib-psoe.org\/menorca\/wp-json\/wp\/v2\/users\/6"}],"replies":[{"embeddable":true,"href":"https:\/\/www.psib-psoe.org\/menorca\/wp-json\/wp\/v2\/comments?post=27408"}],"version-history":[{"count":1,"href":"https:\/\/www.psib-psoe.org\/menorca\/wp-json\/wp\/v2\/posts\/27408\/revisions"}],"predecessor-version":[{"id":27409,"href":"https:\/\/www.psib-psoe.org\/menorca\/wp-json\/wp\/v2\/posts\/27408\/revisions\/27409"}],"wp:attachment":[{"href":"https:\/\/www.psib-psoe.org\/menorca\/wp-json\/wp\/v2\/media?parent=27408"}],"wp:term":[{"taxonomy":"category","embeddable":true,"href":"https:\/\/www.psib-psoe.org\/menorca\/wp-json\/wp\/v2\/categories?post=27408"},{"taxonomy":"post_tag","embeddable":true,"href":"https:\/\/www.psib-psoe.org\/menorca\/wp-json\/wp\/v2\/tags?post=27408"}],"curies":[{"name":"wp","href":"https:\/\/api.w.org\/{rel}","templated":true}]}}