{"id":27410,"date":"2026-04-29T18:43:04","date_gmt":"2026-04-29T16:43:04","guid":{"rendered":"https:\/\/www.psib-psoe.org\/menorca\/?p=27410"},"modified":"2026-04-29T18:43:06","modified_gmt":"2026-04-29T16:43:06","slug":"el-psoe-menorca-denuncia-el-bloqueig-de-la-dreta-a-la-prorroga-dels-lloguers","status":"publish","type":"post","link":"https:\/\/www.psib-psoe.org\/menorca\/el-psoe-menorca-denuncia-el-bloqueig-de-la-dreta-a-la-prorroga-dels-lloguers\/","title":{"rendered":"El PSOE Menorca denuncia el bloqueig de la dreta a la pr\u00f2rroga dels lloguers"},"content":{"rendered":"<div class=\"wp-block-image\">\n<figure class=\"alignleft size-large is-resized\"><img loading=\"lazy\" decoding=\"async\" width=\"1024\" height=\"683\" src=\"http:\/\/www.psib-psoe.org\/menorca\/wp-content\/uploads\/Pepe-Mercadal-Congres-2-1024x683.jpg\" alt=\"\" class=\"wp-image-27406\" style=\"width:402px;height:auto\" srcset=\"https:\/\/www.psib-psoe.org\/menorca\/wp-content\/uploads\/Pepe-Mercadal-Congres-2-1024x683.jpg 1024w, https:\/\/www.psib-psoe.org\/menorca\/wp-content\/uploads\/Pepe-Mercadal-Congres-2-300x200.jpg 300w, https:\/\/www.psib-psoe.org\/menorca\/wp-content\/uploads\/Pepe-Mercadal-Congres-2-768x512.jpg 768w, https:\/\/www.psib-psoe.org\/menorca\/wp-content\/uploads\/Pepe-Mercadal-Congres-2-1536x1025.jpg 1536w, https:\/\/www.psib-psoe.org\/menorca\/wp-content\/uploads\/Pepe-Mercadal-Congres-2-2048x1366.jpg 2048w, https:\/\/www.psib-psoe.org\/menorca\/wp-content\/uploads\/Pepe-Mercadal-Congres-2-150x100.jpg 150w, https:\/\/www.psib-psoe.org\/menorca\/wp-content\/uploads\/Pepe-Mercadal-Congres-2-600x400.jpg 600w, https:\/\/www.psib-psoe.org\/menorca\/wp-content\/uploads\/Pepe-Mercadal-Congres-2-900x600.jpg 900w, https:\/\/www.psib-psoe.org\/menorca\/wp-content\/uploads\/Pepe-Mercadal-Congres-2-20x13.jpg 20w\" sizes=\"(max-width: 1024px) 100vw, 1024px\" \/><\/figure><\/div>\n\n\n<p>El PSOE Menorca ha denunciat el vot en contra del Partit Popular, Vox i Junts a la pr\u00f2rroga extraordin\u00e0ria dels contractes de lloguer, una decisi\u00f3 que, segons els socialistes, \u201ctorna a evidenciar el bloqueig sistem\u00e0tic d\u2019aquests partits a qualsevol mesura de regulaci\u00f3 del mercat de l\u2019habitatge\u201d.<\/p>\n\n\n\n<p>Aquesta negativa ha impedit que les persones amb contractes de lloguer que finalitzin abans del 31 de desembre de 2027 puguin sol\u00b7licitar una pr\u00f2rroga en les mateixes condicions, amb una limitaci\u00f3 de l\u2019augment del preu del 2%.<\/p>\n\n\n\n<p>El diputat del PSOE Menorca, Pepe Mercadal, ha qualificat el decret de \u201cmesura \u00fatil i necess\u00e0ria\u201d per protegir moltes fam\u00edlies. \u201cParlam, per exemple, de persones que van signar contractes durant la pand\u00e8mia de la covid-19 i que enguany veuen com aquests finalitzen\u201d, ha explicat. En el cas de Menorca, ha explicat, \u201chi ha aproximadament 1.000 contractes que acaben aquest any i que, si no s&#8217;hagu\u00e9s tumbat aquest decret, s\u2019haurien pogut allargar sense increments de preu inassumibles\u201d.<\/p>\n\n\n\n<p>Els socialistes adverteixen que la conseq\u00fc\u00e8ncia directa d\u2019aquesta decisi\u00f3 s\u00f3n pujades \u201cdescontrolades\u201d dels preus del lloguer. Segons les dades, els increments poden arribar fins al 40%, fet que es tradueix en uns 300 euros mensuals m\u00e9s per a moltes fam\u00edlies.<\/p>\n\n\n\n<p>Davant l\u2019actual crisi d\u2019habitatge, especialment agreujada a Menorca, el PSOE considera \u201cincomprensible\u201d que hi hagi partits pol\u00edtics que votin en contra de mesures destinades a protegir la ciutadania m\u00e9s vulnerable. \u201cVan en contra dels drets de les persones que m\u00e9s ho necessiten\u201d, han remarcat.&nbsp;<\/p>\n\n\n\n<p>Finalment, Mercadal ha advertit que \u201csense aquest decret i sense la declaraci\u00f3 de zones tensionades, aquestes fam\u00edlies queden desprotegides i en una situaci\u00f3 de vulnerabilitat\u201d. En aquest sentit, ha criticat que \u201cla dreta, tant a Madrid com a Mallorca i Menorca, nom\u00e9s impulsa pol\u00edtiques pensades per afavorir els interessos d\u2019una minoria i fa tot el que pot per impedir que regulem en favor del dret a l&#8217;habitatge\u201d.<\/p>\n","protected":false},"excerpt":{"rendered":"<p>El PSOE Menorca ha denunciat el vot en contra del Partit Popular, Vox i Junts a la pr\u00f2rroga extraordin\u00e0ria dels contractes de lloguer, una decisi\u00f3 que, segons els socialistes, \u201ctorna a evidenciar el bloqueig sistem\u00e0tic d\u2019aquests partits a qualsevol mesura de regulaci\u00f3 del mercat de l\u2019habitatge\u201d. Aquesta negativa ha impedit que les persones amb contractes&hellip;<\/p>\n","protected":false},"author":6,"featured_media":0,"comment_status":"closed","ping_status":"closed","sticky":false,"template":"","format":"standard","meta":{"footnotes":""},"categories":[2,1,92],"tags":[],"class_list":["post-27410","post","type-post","status-publish","format-standard","hentry","category-federacio-de-menorca","category-federacio-de-menorca-portada","category-portada"],"_links":{"self":[{"href":"https:\/\/www.psib-psoe.org\/menorca\/wp-json\/wp\/v2\/posts\/27410"}],"collection":[{"href":"https:\/\/www.psib-psoe.org\/menorca\/wp-json\/wp\/v2\/posts"}],"about":[{"href":"https:\/\/www.psib-psoe.org\/menorca\/wp-json\/wp\/v2\/types\/post"}],"author":[{"embeddable":true,"href":"https:\/\/www.psib-psoe.org\/menorca\/wp-json\/wp\/v2\/users\/6"}],"replies":[{"embeddable":true,"href":"https:\/\/www.psib-psoe.org\/menorca\/wp-json\/wp\/v2\/comments?post=27410"}],"version-history":[{"count":1,"href":"https:\/\/www.psib-psoe.org\/menorca\/wp-json\/wp\/v2\/posts\/27410\/revisions"}],"predecessor-version":[{"id":27411,"href":"https:\/\/www.psib-psoe.org\/menorca\/wp-json\/wp\/v2\/posts\/27410\/revisions\/27411"}],"wp:attachment":[{"href":"https:\/\/www.psib-psoe.org\/menorca\/wp-json\/wp\/v2\/media?parent=27410"}],"wp:term":[{"taxonomy":"category","embeddable":true,"href":"https:\/\/www.psib-psoe.org\/menorca\/wp-json\/wp\/v2\/categories?post=27410"},{"taxonomy":"post_tag","embeddable":true,"href":"https:\/\/www.psib-psoe.org\/menorca\/wp-json\/wp\/v2\/tags?post=27410"}],"curies":[{"name":"wp","href":"https:\/\/api.w.org\/{rel}","templated":true}]}}