{"id":27412,"date":"2026-05-01T11:30:00","date_gmt":"2026-05-01T09:30:00","guid":{"rendered":"https:\/\/www.psib-psoe.org\/menorca\/?p=27412"},"modified":"2026-04-29T18:44:32","modified_gmt":"2026-04-29T16:44:32","slug":"el-psoe-menorca-proposa-linies-de-bus-per-a-treballadors-entre-els-nuclis-residencials-i-les-urbanitzacions","status":"publish","type":"post","link":"https:\/\/www.psib-psoe.org\/menorca\/el-psoe-menorca-proposa-linies-de-bus-per-a-treballadors-entre-els-nuclis-residencials-i-les-urbanitzacions\/","title":{"rendered":"El PSOE Menorca proposa l\u00ednies de bus per a treballadors entre els nuclis residencials i les urbanitzacions"},"content":{"rendered":"\n<p>El PSOE Menorca denuncia que l\u2019illa t\u00e9 un sistema de mobilitat \u201cdesfasat\u201d, amb una xarxa de transport p\u00fablic insuficient i una pressi\u00f3 de cada vegada m\u00e9s not\u00f2ria sobre les carreteres durant l&#8217;estiu. En aquest sentit, els socialistes critiquen la inacci\u00f3 del Consell Insular, que, asseguren, \u201cno ha impulsat cap mesura en els darrers tres anys per donar resposta a aquesta problem\u00e0tica\u201d.<\/p>\n\n\n\n<p>Segons el PSOE, la mobilitat \u00e9s una q\u00fcesti\u00f3 clau tant per al benestar dels residents com per a la imatge que es projecta als visitants. Per aix\u00f2, consideren \u201curgent repensar la gesti\u00f3 de la mobilitat\u201d, una tasca que, apunten, \u201cno s\u2019est\u00e0 duent a terme sota el govern del Partit Popular\u201d.<\/p>\n\n\n\n<p>Amb motiu de l&#8217;1 de maig, Dia del Treball, els socialistes han posat sobre la taula una proposta concreta: que el Consell Insular estableixi acords amb empreses per facilitar el transport dels treballadors cap als grans centres de feina, especialment les urbanitzacions tur\u00edstiques, des dels nuclis residencials.<\/p>\n\n\n\n<p>En concret, la iniciativa planteja la creaci\u00f3 de l\u00ednies de bus espec\u00edfiques per a treballadors que connectin els pobles amb les zones tur\u00edstiques. Aquesta mesura permetria reduir l\u2019\u00fas del vehicle privat, disminuir la pres\u00e8ncia de cotxes a la xarxa vi\u00e0ria i millorar la disponibilitat d\u2019aparcament als nuclis tur\u00edstics, alhora que facilitaria l\u2019acc\u00e9s dels treballadors als seus llocs de feina.<\/p>\n\n\n\n<p>El secretari general del PSOE Menorca, Pepe Mercadal, ha defensat la proposta i ha assegurat que \u201cseria molt positiva\u201d, ja que contribuiria tant a millorar les condicions laborals com el sistema de mobilitat de l\u2019illa. Davant la par\u00e0lisi del Consell amb el PP en mat\u00e8ria de mobilitat, el PSOE es compromet \u201ca posar en marxa mesures com aquesta quan tornem a governar per avan\u00e7ar en un sistema de mobilitat cada vegada m\u00e9s sostenible\u201d.<\/p>\n","protected":false},"excerpt":{"rendered":"<p>El PSOE Menorca denuncia que l\u2019illa t\u00e9 un sistema de mobilitat \u201cdesfasat\u201d, amb una xarxa de transport p\u00fablic insuficient i una pressi\u00f3 de cada vegada m\u00e9s not\u00f2ria sobre les carreteres durant l&#8217;estiu. En aquest sentit, els socialistes critiquen la inacci\u00f3 del Consell Insular, que, asseguren, \u201cno ha impulsat cap mesura en els darrers tres anys&hellip;<\/p>\n","protected":false},"author":6,"featured_media":0,"comment_status":"closed","ping_status":"closed","sticky":false,"template":"","format":"standard","meta":{"footnotes":""},"categories":[2,1,92],"tags":[],"class_list":["post-27412","post","type-post","status-publish","format-standard","hentry","category-federacio-de-menorca","category-federacio-de-menorca-portada","category-portada"],"_links":{"self":[{"href":"https:\/\/www.psib-psoe.org\/menorca\/wp-json\/wp\/v2\/posts\/27412"}],"collection":[{"href":"https:\/\/www.psib-psoe.org\/menorca\/wp-json\/wp\/v2\/posts"}],"about":[{"href":"https:\/\/www.psib-psoe.org\/menorca\/wp-json\/wp\/v2\/types\/post"}],"author":[{"embeddable":true,"href":"https:\/\/www.psib-psoe.org\/menorca\/wp-json\/wp\/v2\/users\/6"}],"replies":[{"embeddable":true,"href":"https:\/\/www.psib-psoe.org\/menorca\/wp-json\/wp\/v2\/comments?post=27412"}],"version-history":[{"count":1,"href":"https:\/\/www.psib-psoe.org\/menorca\/wp-json\/wp\/v2\/posts\/27412\/revisions"}],"predecessor-version":[{"id":27413,"href":"https:\/\/www.psib-psoe.org\/menorca\/wp-json\/wp\/v2\/posts\/27412\/revisions\/27413"}],"wp:attachment":[{"href":"https:\/\/www.psib-psoe.org\/menorca\/wp-json\/wp\/v2\/media?parent=27412"}],"wp:term":[{"taxonomy":"category","embeddable":true,"href":"https:\/\/www.psib-psoe.org\/menorca\/wp-json\/wp\/v2\/categories?post=27412"},{"taxonomy":"post_tag","embeddable":true,"href":"https:\/\/www.psib-psoe.org\/menorca\/wp-json\/wp\/v2\/tags?post=27412"}],"curies":[{"name":"wp","href":"https:\/\/api.w.org\/{rel}","templated":true}]}}